{"id":356599,"date":"2022-10-05T12:09:53","date_gmt":"2022-10-05T10:09:53","guid":{"rendered":"https:\/\/www.pcnen.com\/portal\/?p=356599"},"modified":"2022-10-05T12:10:28","modified_gmt":"2022-10-05T10:10:28","slug":"cgo-solidarno-za-prajd-i-protiv-retrogradnih-aktera","status":"publish","type":"post","link":"https:\/\/www.pcnen.com\/portal\/2022\/10\/05\/cgo-solidarno-za-prajd-i-protiv-retrogradnih-aktera\/","title":{"rendered":"CGO: Solidarno za Prajd i protiv retrogradnih aktera"},"content":{"rendered":"<p>CGO podsje\u0107a da izuzev prvog Prajda, koji je bio prije deceniju, ni na jednom kasnije nije bilo ozbiljnih incidenata niti izra\u017eenog organizovanog protivljenja ijedne dru\u0161tvene grupe. To je dovelo i do shodne procjene bezbjednosnih organa koji su svake godine sni\u017eavali nivo obezbje\u0111enja, da bi pro\u0161le godine to bilo minimalno, pi\u0161e u saop\u0161tenju.<\/p>\n<p>Na \u017ealost, talas klerikalizacije u Crnoj Gori je otvorio mnoga ljudskoprava\u0161ka pitanja za koja smo cijenili da su dobijene bitke, a posebno u dijelu prava marginalizovanih grupa. Time je uru\u0161en napredak u oblasti ljudskih prava koji smo mukotrpnim naporima do sada postigli, a \u0161to je pora\u017eavaju\u0107e za \u010ditavo dru\u0161tvo. U tome je zna\u010dajnu ulogu imala SPC, koja i ovom najavom tzv. molebana protiv Prajda kreira negativan ambijent za prava LGBTIQ osoba i njihovih saveznika, ali i podsti\u010de na mr\u017enju protiv LGBTIQ osoba.<\/p>\n<p>CGO nagla\u0161ava da podr\u0161ka Prajdu ne dolazi samo od ljudskim pravima posve\u0107enog civilnog dru\u0161tva, ve\u0107 i od samih gra\u0111ana i gra\u0111anki. Po istra\u017eivanju CGO-a iz juna ove godine, vi\u0161e od polovine gra\u0111ana i gra\u0111anki Crne Gore ima razumijevanja za Povorku ponosa i smatra da se ona organizuje sa ciljem ukazivanja na diskriminaciju LGBTIQ osoba.<\/p>\n<p>Razo\u010daravaju\u0107e je \u0161to SPC svojim netrpeljivim narativom poku\u0161ava da derogira neka osvojena prava i slobode u Crnoj Gori, a koji su karakteristika demokratskih dru\u0161tava i vrati nas tako unazad. Pri tom, o\u010digledno je da za ovaj kontra-ljudskoprava\u0161ki korak nose odgovornost i svi oni donosioci odluka, primarno iz izvr\u0161ne i zakonodavne vlasti koji su SPC dali uvjerenje da mo\u017ee da se pona\u0161a ovako neodgovorno.<\/p>\n<p>Svaka izgovorena re\u010denica mitropolita Joanikija u najavi molebana predstavlja negaciju modernog koncepta ljudskih prava. Na drugoj strani, nikada na Prajdovima i vezanim aktivnostima nije izne\u0161eno ni\u0161ta \u0161to bi bilo protiv braka i porodice, protiv vjere i religije. Prajdovi se temelje na demokratskim vrijednostima, zalaganju za jednakost, slobodu, pravdu, feminizam, po\u0161tovanje ljudskih prava, socijalno blagostanje i jako civilno dru\u0161tvo.<\/p>\n<p>CGO poziva sve politi\u010dke subjekte koji dr\u017ee do demokratskih vrijednosti da to poka\u017eu dolaskom na ovogodi\u0161nji Prajd i tako se distanciraju od poku\u0161aja SPC da crnogorsko dru\u0161tvo vrati u retrogradne okvire kad je rije\u010d o kulturi ljudskih prava.<\/p>\n<p>CGO tim \u0107e i ove, kao i svih prethodnih godina, biti na Montenegro Prajdu kako bi i tom simboli\u010dnom\u00a0 zajedni\u010dkom \u0161etnjom iskazali solidarnost i ponos u odnos na pripadnike LGBTIQ zajednice koji se hrabro bore da budu integralni dio na\u0161eg dru\u0161tva.<\/p>\n<p>&nbsp;<\/p>\n<blockquote class=\"wp-embedded-content\" data-secret=\"v63OOlGKdt\"><p><a href=\"https:\/\/www.pcnen.com\/portal\/2022\/10\/05\/mitropolit-joanikije-kome-je-stalo-do-otadzbine-da-osudi-propovijedanje-nemorala\/\">Mitropolit Joanikije: Kome je stalo do otad\u017ebine da osudi propovijedanje nemorala<\/a><\/p><\/blockquote>\n<p><iframe loading=\"lazy\" class=\"wp-embedded-content\" sandbox=\"allow-scripts\" security=\"restricted\" style=\"position: absolute; clip: rect(1px, 1px, 1px, 1px);\" title=\"&#8220;Mitropolit Joanikije: Kome je stalo do otad\u017ebine da osudi propovijedanje nemorala&#8221; &#8212; PCNEN\" src=\"https:\/\/www.pcnen.com\/portal\/2022\/10\/05\/mitropolit-joanikije-kome-je-stalo-do-otadzbine-da-osudi-propovijedanje-nemorala\/embed\/#?secret=Chn1kX4oPY#?secret=v63OOlGKdt\" data-secret=\"v63OOlGKdt\" width=\"600\" height=\"338\" frameborder=\"0\" marginwidth=\"0\" marginheight=\"0\" scrolling=\"no\"><\/iframe><\/p>\n","protected":false},"excerpt":{"rendered":"<p>Centar za gra\u0111ansko obrazovanje (CGO) i ovim putem izra\u017eava sna\u017enu podr\u0161ku jubilarnom X Montenegro Prajdu, koji je zakazan za subotu, 8. oktobra 2022. godine, i istovremeno osu\u0111uje neodgovorno pona\u0161anje Srpske pravoslavne crkve (SPC) koja najavljuje odr\u017eavanje skupa protiv Prajda.<\/p>\n","protected":false},"author":1,"featured_media":0,"comment_status":"open","ping_status":"closed","sticky":false,"template":"","format":"standard","meta":{"_seopress_robots_primary_cat":"","_seopress_titles_title":"","_seopress_titles_desc":"","_seopress_robots_index":"","_et_pb_use_builder":"","_et_pb_old_content":"","_et_gb_content_width":"","inline_featured_image":false,"footnotes":""},"categories":[14],"tags":[],"class_list":["post-356599","post","type-post","status-publish","format-standard","hentry","category-vijesti"],"_links":{"self":[{"href":"https:\/\/www.pcnen.com\/portal\/wp-json\/wp\/v2\/posts\/356599","targetHints":{"allow":["GET"]}}],"collection":[{"href":"https:\/\/www.pcnen.com\/portal\/wp-json\/wp\/v2\/posts"}],"about":[{"href":"https:\/\/www.pcnen.com\/portal\/wp-json\/wp\/v2\/types\/post"}],"author":[{"embeddable":true,"href":"https:\/\/www.pcnen.com\/portal\/wp-json\/wp\/v2\/users\/1"}],"replies":[{"embeddable":true,"href":"https:\/\/www.pcnen.com\/portal\/wp-json\/wp\/v2\/comments?post=356599"}],"version-history":[{"count":2,"href":"https:\/\/www.pcnen.com\/portal\/wp-json\/wp\/v2\/posts\/356599\/revisions"}],"predecessor-version":[{"id":356601,"href":"https:\/\/www.pcnen.com\/portal\/wp-json\/wp\/v2\/posts\/356599\/revisions\/356601"}],"wp:attachment":[{"href":"https:\/\/www.pcnen.com\/portal\/wp-json\/wp\/v2\/media?parent=356599"}],"wp:term":[{"taxonomy":"category","embeddable":true,"href":"https:\/\/www.pcnen.com\/portal\/wp-json\/wp\/v2\/categories?post=356599"},{"taxonomy":"post_tag","embeddable":true,"href":"https:\/\/www.pcnen.com\/portal\/wp-json\/wp\/v2\/tags?post=356599"}],"curies":[{"name":"wp","href":"https:\/\/api.w.org\/{rel}","templated":true}]}}