{"id":356590,"date":"2022-10-05T09:36:20","date_gmt":"2022-10-05T07:36:20","guid":{"rendered":"https:\/\/www.pcnen.com\/portal\/?p=356590"},"modified":"2022-10-05T09:36:20","modified_gmt":"2022-10-05T07:36:20","slug":"mitropolit-joanikije-kome-je-stalo-do-otadzbine-da-osudi-propovijedanje-nemorala","status":"publish","type":"post","link":"https:\/\/www.pcnen.com\/portal\/2022\/10\/05\/mitropolit-joanikije-kome-je-stalo-do-otadzbine-da-osudi-propovijedanje-nemorala\/","title":{"rendered":"Mitropolit Joanikije: Kome je stalo do otad\u017ebine da osudi propovijedanje nemorala"},"content":{"rendered":"<p>Vladika se oglasio po\u0161to su Mitropolija i Eparhija budimljansko-nik\u0161i\u0107ka za 7. oktobar najavili &#8220;moleban<\/p>\n<p>Moleban se organizuje dan uo\u010di najavljenog Montenegro Prajda u Podgorici.<\/p>\n<p>\u201cPrema tome, kome je stalo do budu\u0107nosti porodice, otad\u017ebine, doma, naroda svoga, kome je stalo do predaka i potomaka da poka\u017eemo koji je na\u0161 stav i koje je na\u0161e raspolo\u017eenje, da osudimo to javno propovijedanje nemorala i da \u0161titimo porodicu i djecu\u201d, poru\u010dio je mitropolit, <a href=\"https:\/\/mitropolija.com\/2022\/10\/04\/mitropolit-joanikije-u-danilovgradu-osvestao-zvona-buduceg-sabornog-hrama-svete-petke\/\">prenosi sajt Mitropolije.<\/a><\/p>\n<p>Stoga je vladika pozvao sve hri\u0161\u0107ane da do\u0111u u petak ispred Hrama u Podgorici.<\/p>\n<p>\u201cA vi pozovite svoje bli\u017enje da svaka porodica, svaki pojedinac, odrasli, djevojke i mladi\u0107i i djeca do\u0111u u petak pred saborni hram u Podgorici na moleban za spas svetinje braka i porodice\u201d, rekao je vladika.<\/p>\n<p>&nbsp;<\/p>\n<blockquote class=\"wp-embedded-content\" data-secret=\"G00aKboGVx\"><p><a href=\"https:\/\/www.pcnen.com\/portal\/2022\/10\/04\/u-petak-moleban-za-svetinju-braka-i-ocuvanje-porodice\/\">U petak Moleban za svetinju braka i o\u010duvanje porodice<\/a><\/p><\/blockquote>\n<p><iframe loading=\"lazy\" class=\"wp-embedded-content\" sandbox=\"allow-scripts\" security=\"restricted\" style=\"position: absolute; clip: rect(1px, 1px, 1px, 1px);\" title=\"&#8220;U petak Moleban za svetinju braka i o\u010duvanje porodice&#8221; &#8212; PCNEN\" src=\"https:\/\/www.pcnen.com\/portal\/2022\/10\/04\/u-petak-moleban-za-svetinju-braka-i-ocuvanje-porodice\/embed\/#?secret=VbqKjoc9ZN#?secret=G00aKboGVx\" data-secret=\"G00aKboGVx\" width=\"600\" height=\"338\" frameborder=\"0\" marginwidth=\"0\" marginheight=\"0\" scrolling=\"no\"><\/iframe><\/p>\n","protected":false},"excerpt":{"rendered":"<p>Mitropolit crnogorsko-primorski Joanikije poru\u010dio je ju\u010de u Danilovgradu da se u Crnoj Gori javno, preko odre\u0111enih struktura mo\u0107i iz svijeta propovijeda i promovi\u0161e nemoral i razvrat.<\/p>\n","protected":false},"author":1,"featured_media":285339,"comment_status":"open","ping_status":"closed","sticky":false,"template":"","format":"standard","meta":{"_seopress_robots_primary_cat":"","_seopress_titles_title":"","_seopress_titles_desc":"","_seopress_robots_index":"","_et_pb_use_builder":"","_et_pb_old_content":"","_et_gb_content_width":"","inline_featured_image":false,"footnotes":""},"categories":[14],"tags":[],"class_list":["post-356590","post","type-post","status-publish","format-standard","has-post-thumbnail","hentry","category-vijesti"],"_links":{"self":[{"href":"https:\/\/www.pcnen.com\/portal\/wp-json\/wp\/v2\/posts\/356590","targetHints":{"allow":["GET"]}}],"collection":[{"href":"https:\/\/www.pcnen.com\/portal\/wp-json\/wp\/v2\/posts"}],"about":[{"href":"https:\/\/www.pcnen.com\/portal\/wp-json\/wp\/v2\/types\/post"}],"author":[{"embeddable":true,"href":"https:\/\/www.pcnen.com\/portal\/wp-json\/wp\/v2\/users\/1"}],"replies":[{"embeddable":true,"href":"https:\/\/www.pcnen.com\/portal\/wp-json\/wp\/v2\/comments?post=356590"}],"version-history":[{"count":1,"href":"https:\/\/www.pcnen.com\/portal\/wp-json\/wp\/v2\/posts\/356590\/revisions"}],"predecessor-version":[{"id":356591,"href":"https:\/\/www.pcnen.com\/portal\/wp-json\/wp\/v2\/posts\/356590\/revisions\/356591"}],"wp:featuredmedia":[{"embeddable":true,"href":"https:\/\/www.pcnen.com\/portal\/wp-json\/wp\/v2\/media\/285339"}],"wp:attachment":[{"href":"https:\/\/www.pcnen.com\/portal\/wp-json\/wp\/v2\/media?parent=356590"}],"wp:term":[{"taxonomy":"category","embeddable":true,"href":"https:\/\/www.pcnen.com\/portal\/wp-json\/wp\/v2\/categories?post=356590"},{"taxonomy":"post_tag","embeddable":true,"href":"https:\/\/www.pcnen.com\/portal\/wp-json\/wp\/v2\/tags?post=356590"}],"curies":[{"name":"wp","href":"https:\/\/api.w.org\/{rel}","templated":true}]}}