{"id":356587,"date":"2022-10-05T09:25:44","date_gmt":"2022-10-05T07:25:44","guid":{"rendered":"https:\/\/www.pcnen.com\/portal\/?p=356587"},"modified":"2022-10-05T09:25:44","modified_gmt":"2022-10-05T07:25:44","slug":"calovic-markovic-milosevic-treba-da-podnese-ostavku","status":"publish","type":"post","link":"https:\/\/www.pcnen.com\/portal\/2022\/10\/05\/calovic-markovic-milosevic-treba-da-podnese-ostavku\/","title":{"rendered":"\u0106alovi\u0107 Markovi\u0107: Milo\u0161evi\u0107 treba da podnese ostavku"},"content":{"rendered":"<p>&#8220;Po\u0161to se to nije desilo, o\u010dekujem da ga Vlada razrije\u0161i. De\u0161ava nam se elementarni nedostatak odgovornosti i krajnja politizacija. Da li nam se de\u0161ava visoka korupcija, nadam se da \u0107emo saznati od tu\u017eila\u0161tva&#8221;, kazala je ona.<\/p>\n<p>\u0106alovi\u0107 Markovi\u0107 smatra da je lo\u0161e \u0161to nema zvani\u010dnih informacija, ve\u0107 samo onih do kojih mediji dolaze.<\/p>\n<p>&#8220;Razumijem da je istraga tajna, ali podaci su do\u0161li do javnosti, uznemirili je. Bilo bi odgovorno da \u010dujemo elementarne, konkretne \u010dinjenice od policije i tu\u017eila\u0161tva, a ne da spekuli\u0161emo&#8221;, rekla je \u0106alovi\u0107 Markovi\u0107, prenosi portal Vijesti.<\/p>\n<p>Smatra da je Milo\u0161evi\u0107 trebalo da zna da je jedna od klju\u010dnih stvari koje je trebalo da rije\u0161i \u0161verc cigareta, a da smo umjesto toga do\u0161li smo u situaciju da pirlikom unistavanja cigareta od dva kamiona nestaje jedan.<\/p>\n<p>&#8220;To potvr\u0111uje ono na \u0161ta sam toliko puta upozoravala, da nema elementarne evidencije. Evidentno je da postoje ogromni sistemski propusti koji su doveli do ovoga, a koje je dozvolio da se dese Milo\u0161evi\u0107. Zato je morao da podnese ostavku&#8221;, poru\u010duje \u0106alovi\u0107 Markovi\u0107.<\/p>\n<p>Smatra da minimum koji treba da se desi je da Vlada razrije\u0161i Milo\u0161evi\u0107a i dodaje da ne mo\u017ee da vjeruje da je redosljed koraka bio takav da se prvo razrije\u0161i Ra\u0161ko Konjevi\u0107 sa mjesta prvog \u010dovjeka Biroa za operativnu koordinaciju (BOK), pa da razmisli hoce li smijeniti Milo\u0161evi\u0107a.<\/p>\n<p>&#8220;Mislim da je Konjevi\u0107u kao svom politi\u010dkom oponentu trebalo da se bavi ovom istragom i informi\u0161e javnost&#8221;, rekla je \u0106alovi\u0107 Markovi\u0107\u00a0 I dodala da ne mo\u017ee da se relativizuje \u010dinjenica da su Milo\u0161evi\u0107a privodili u policiju.<\/p>\n<p>&#8220;Zna se kako funkcioni\u0161e uobi\u010dajna procedura komunikacije sa \u0161efovima dr\u017eavnih organa, a ne funkcioni\u0161e tako \u0161to se oni privode u policiju i oduzimaju im se telefoni. Ne \u017eelim da prejudiciram da je on kriv, ali ima profesionalnu odgovornost i mora da je snosi. Na taj na\u010din bi relaksirao i postupak istrage&#8221;, zaklju\u010dila je \u0106alovi\u0107 Markovi\u0107.<\/p>\n<blockquote class=\"wp-embedded-content\" data-secret=\"kkNmgUY03N\"><p><a href=\"https:\/\/www.pcnen.com\/portal\/2022\/10\/02\/milosevic-nijesam-uhapsen-niti-priveden\/\">Milo\u0161evi\u0107: Nijesam uhap\u0161en niti priveden<\/a><\/p><\/blockquote>\n<p><iframe loading=\"lazy\" class=\"wp-embedded-content\" sandbox=\"allow-scripts\" security=\"restricted\" style=\"position: absolute; clip: rect(1px, 1px, 1px, 1px);\" title=\"&#8220;Milo\u0161evi\u0107: Nijesam uhap\u0161en niti priveden&#8221; &#8212; PCNEN\" src=\"https:\/\/www.pcnen.com\/portal\/2022\/10\/02\/milosevic-nijesam-uhapsen-niti-priveden\/embed\/#?secret=y71o60lboK#?secret=kkNmgUY03N\" data-secret=\"kkNmgUY03N\" width=\"600\" height=\"338\" frameborder=\"0\" marginwidth=\"0\" marginheight=\"0\" scrolling=\"no\"><\/iframe><\/p>\n","protected":false},"excerpt":{"rendered":"<p>Zbog o\u010digledne profesionalne i objektivne odgovornosti direktor Uprave prihoda i carina Rade Milo\u0161evi\u0107 treba da podnese ostavku, rekla je u Bojama jutra direktorica MANS-a Vanja \u0106alovi\u0107 Markovi\u0107.<\/p>\n","protected":false},"author":1,"featured_media":350740,"comment_status":"open","ping_status":"closed","sticky":false,"template":"","format":"standard","meta":{"_seopress_robots_primary_cat":"","_seopress_titles_title":"","_seopress_titles_desc":"","_seopress_robots_index":"","_et_pb_use_builder":"","_et_pb_old_content":"","_et_gb_content_width":"","inline_featured_image":false,"footnotes":""},"categories":[14],"tags":[],"class_list":["post-356587","post","type-post","status-publish","format-standard","has-post-thumbnail","hentry","category-vijesti"],"_links":{"self":[{"href":"https:\/\/www.pcnen.com\/portal\/wp-json\/wp\/v2\/posts\/356587","targetHints":{"allow":["GET"]}}],"collection":[{"href":"https:\/\/www.pcnen.com\/portal\/wp-json\/wp\/v2\/posts"}],"about":[{"href":"https:\/\/www.pcnen.com\/portal\/wp-json\/wp\/v2\/types\/post"}],"author":[{"embeddable":true,"href":"https:\/\/www.pcnen.com\/portal\/wp-json\/wp\/v2\/users\/1"}],"replies":[{"embeddable":true,"href":"https:\/\/www.pcnen.com\/portal\/wp-json\/wp\/v2\/comments?post=356587"}],"version-history":[{"count":1,"href":"https:\/\/www.pcnen.com\/portal\/wp-json\/wp\/v2\/posts\/356587\/revisions"}],"predecessor-version":[{"id":356589,"href":"https:\/\/www.pcnen.com\/portal\/wp-json\/wp\/v2\/posts\/356587\/revisions\/356589"}],"wp:featuredmedia":[{"embeddable":true,"href":"https:\/\/www.pcnen.com\/portal\/wp-json\/wp\/v2\/media\/350740"}],"wp:attachment":[{"href":"https:\/\/www.pcnen.com\/portal\/wp-json\/wp\/v2\/media?parent=356587"}],"wp:term":[{"taxonomy":"category","embeddable":true,"href":"https:\/\/www.pcnen.com\/portal\/wp-json\/wp\/v2\/categories?post=356587"},{"taxonomy":"post_tag","embeddable":true,"href":"https:\/\/www.pcnen.com\/portal\/wp-json\/wp\/v2\/tags?post=356587"}],"curies":[{"name":"wp","href":"https:\/\/api.w.org\/{rel}","templated":true}]}}