{"id":356568,"date":"2022-10-04T18:52:35","date_gmt":"2022-10-04T16:52:35","guid":{"rendered":"https:\/\/www.pcnen.com\/portal\/?p=356568"},"modified":"2022-10-04T18:52:35","modified_gmt":"2022-10-04T16:52:35","slug":"sb-cg-ekonomija-ce-ove-godine-rasti-najvise-u-regionu","status":"publish","type":"post","link":"https:\/\/www.pcnen.com\/portal\/2022\/10\/04\/sb-cg-ekonomija-ce-ove-godine-rasti-najvise-u-regionu\/","title":{"rendered":"SB: CG ekonomija \u0107e ove godine rasti najvi\u0161e u regionu"},"content":{"rendered":"<p>&#8220;U 2022. godini o\u010dekuje se rast u Albaniji od 3,2 odsto, Bosni i Hercegovini od 2 odsto, Kosovu od 3,1 odsto, Crnoj Gori od 6,9 odsto, S. Makedoniji od 2,1 odsto i Srbiji od 3,2 odsto&#8221;, navela je Svjetska banka.<\/p>\n<p>&#8220;Prognoze za 2023. godinu pokazuju da se o\u010dekuju slede\u0107e stope rasta: u Albaniji 2,3 odsto, Bosni i Hercegovini 2,8 odsto, Kosovu 3,7 odsto, Crnoj Gori 3,4 odsto, S. Makedoniji 2,7 odsto i Srbiji 2,7 odsto. Poo\u0161travanje globalnih uslova finansiranja ograni\u010dilo je dostupnost eksternog finansiranja u regionu. Pove\u0107ani tro\u0161kovi zadu\u017eivanja, kao i kontrola cijena hrane i energenata (Bosna i Hercegovina i Srbija), pove\u0107ali su pritisak na javni dug i tro\u0161kove njegovog servisiranja, koji su ve\u0107 naglo porasli nakon vanredne podr\u0161ke vlade u vezi sa pandemijom 2020. godine&#8221;, navodi se u izvje\u0161taju.<\/p>\n","protected":false},"excerpt":{"rendered":"<p>Svjetska banka za Crnu Goru ove godine predvi\u0111a ekonomski rast od 6,9 odsto \u0161to je najvi\u0161i o\u010dekivani rast u regionu. Za narednu godinu o\u010dekivani rast je 3,4 odsto, odmah poslije Kosova.<\/p>\n","protected":false},"author":1,"featured_media":296681,"comment_status":"open","ping_status":"closed","sticky":false,"template":"","format":"standard","meta":{"_seopress_robots_primary_cat":"","_seopress_titles_title":"","_seopress_titles_desc":"","_seopress_robots_index":"","_et_pb_use_builder":"","_et_pb_old_content":"","_et_gb_content_width":"","inline_featured_image":false,"footnotes":""},"categories":[14],"tags":[],"class_list":["post-356568","post","type-post","status-publish","format-standard","has-post-thumbnail","hentry","category-vijesti"],"_links":{"self":[{"href":"https:\/\/www.pcnen.com\/portal\/wp-json\/wp\/v2\/posts\/356568","targetHints":{"allow":["GET"]}}],"collection":[{"href":"https:\/\/www.pcnen.com\/portal\/wp-json\/wp\/v2\/posts"}],"about":[{"href":"https:\/\/www.pcnen.com\/portal\/wp-json\/wp\/v2\/types\/post"}],"author":[{"embeddable":true,"href":"https:\/\/www.pcnen.com\/portal\/wp-json\/wp\/v2\/users\/1"}],"replies":[{"embeddable":true,"href":"https:\/\/www.pcnen.com\/portal\/wp-json\/wp\/v2\/comments?post=356568"}],"version-history":[{"count":1,"href":"https:\/\/www.pcnen.com\/portal\/wp-json\/wp\/v2\/posts\/356568\/revisions"}],"predecessor-version":[{"id":356569,"href":"https:\/\/www.pcnen.com\/portal\/wp-json\/wp\/v2\/posts\/356568\/revisions\/356569"}],"wp:featuredmedia":[{"embeddable":true,"href":"https:\/\/www.pcnen.com\/portal\/wp-json\/wp\/v2\/media\/296681"}],"wp:attachment":[{"href":"https:\/\/www.pcnen.com\/portal\/wp-json\/wp\/v2\/media?parent=356568"}],"wp:term":[{"taxonomy":"category","embeddable":true,"href":"https:\/\/www.pcnen.com\/portal\/wp-json\/wp\/v2\/categories?post=356568"},{"taxonomy":"post_tag","embeddable":true,"href":"https:\/\/www.pcnen.com\/portal\/wp-json\/wp\/v2\/tags?post=356568"}],"curies":[{"name":"wp","href":"https:\/\/api.w.org\/{rel}","templated":true}]}}