{"id":356562,"date":"2022-10-04T15:50:40","date_gmt":"2022-10-04T13:50:40","guid":{"rendered":"https:\/\/www.pcnen.com\/portal\/?p=356562"},"modified":"2022-10-04T15:50:40","modified_gmt":"2022-10-04T13:50:40","slug":"francuska-odlikovala-direktoricu-mans-a-vanju-calovic-markovic","status":"publish","type":"post","link":"https:\/\/www.pcnen.com\/portal\/2022\/10\/04\/francuska-odlikovala-direktoricu-mans-a-vanju-calovic-markovic\/","title":{"rendered":"Francuska odlikovala direktoricu MANS-a Vanju \u0106alovi\u0107 Markovi\u0107"},"content":{"rendered":"<p>Orden Nacionalnog reda za zasluge se dodijeljuje francuskim i stranim dr\u017eavljanima kao nagrada za istaknute zasluge u vr\u0161enju javne, civilne ili vojne slu\u017ebe ili privatne djelatnosti. Ustanovljen je ukazom generala \u0160arla de Gola, 1963. godine.<\/p>\n<p>&#8220;Ova nagrada predstavlja javnu satisfakciju za ono \u0161to smo pro\u0161li, ali daje nam i dodatni motiv i podstrek da nastavimo mukotrpnu borbu za Crnu Goru kao ure\u0111eno i demokratsko dru\u0161tvo&#8221;, rekla je \u0106alovi\u0107 Markovi\u0107 prilkom prijema odlkovanja, <a href=\"https:\/\/mans.co.me\/francuska-odlikovala-vanju-calovic-markovic-ordenom-viteza\/\" target=\"_blank\" rel=\"noopener\">prenosi veb sajt MANS-a.<\/a><\/p>\n","protected":false},"excerpt":{"rendered":"<p>Ambasador Francuske u Crnoj Gori Kristijan Timonije je danas uru\u010dio odlikovanje viteza Nacionalnog reda za zasluge Vanji \u0106alovi\u0107 Markovi\u0107, izvr\u0161noj direktorici nevladine organizacije Mre\u017ea za afrmaciju nevladinog sektora (MANS).<\/p>\n","protected":false},"author":1,"featured_media":312743,"comment_status":"open","ping_status":"closed","sticky":false,"template":"","format":"standard","meta":{"_seopress_robots_primary_cat":"","_seopress_titles_title":"","_seopress_titles_desc":"","_seopress_robots_index":"","_et_pb_use_builder":"","_et_pb_old_content":"","_et_gb_content_width":"","inline_featured_image":false,"footnotes":""},"categories":[14],"tags":[2391],"class_list":["post-356562","post","type-post","status-publish","format-standard","has-post-thumbnail","hentry","category-vijesti","tag-vanja-calovic-markovic"],"_links":{"self":[{"href":"https:\/\/www.pcnen.com\/portal\/wp-json\/wp\/v2\/posts\/356562","targetHints":{"allow":["GET"]}}],"collection":[{"href":"https:\/\/www.pcnen.com\/portal\/wp-json\/wp\/v2\/posts"}],"about":[{"href":"https:\/\/www.pcnen.com\/portal\/wp-json\/wp\/v2\/types\/post"}],"author":[{"embeddable":true,"href":"https:\/\/www.pcnen.com\/portal\/wp-json\/wp\/v2\/users\/1"}],"replies":[{"embeddable":true,"href":"https:\/\/www.pcnen.com\/portal\/wp-json\/wp\/v2\/comments?post=356562"}],"version-history":[{"count":1,"href":"https:\/\/www.pcnen.com\/portal\/wp-json\/wp\/v2\/posts\/356562\/revisions"}],"predecessor-version":[{"id":356563,"href":"https:\/\/www.pcnen.com\/portal\/wp-json\/wp\/v2\/posts\/356562\/revisions\/356563"}],"wp:featuredmedia":[{"embeddable":true,"href":"https:\/\/www.pcnen.com\/portal\/wp-json\/wp\/v2\/media\/312743"}],"wp:attachment":[{"href":"https:\/\/www.pcnen.com\/portal\/wp-json\/wp\/v2\/media?parent=356562"}],"wp:term":[{"taxonomy":"category","embeddable":true,"href":"https:\/\/www.pcnen.com\/portal\/wp-json\/wp\/v2\/categories?post=356562"},{"taxonomy":"post_tag","embeddable":true,"href":"https:\/\/www.pcnen.com\/portal\/wp-json\/wp\/v2\/tags?post=356562"}],"curies":[{"name":"wp","href":"https:\/\/api.w.org\/{rel}","templated":true}]}}