{"id":356555,"date":"2022-10-04T15:15:19","date_gmt":"2022-10-04T13:15:19","guid":{"rendered":"https:\/\/www.pcnen.com\/portal\/?p=356555"},"modified":"2022-10-04T15:16:02","modified_gmt":"2022-10-04T13:16:02","slug":"konjevic-jesam-li-ja-pokrovitelj-sverca-ili-je-logicnije-da-to-bude-dritan","status":"publish","type":"post","link":"https:\/\/www.pcnen.com\/portal\/2022\/10\/04\/konjevic-jesam-li-ja-pokrovitelj-sverca-ili-je-logicnije-da-to-bude-dritan\/","title":{"rendered":"Konjevi\u0107: Jesam li ja pokrovitelj \u0161verca ili je logi\u010dnije da to bude Dritan"},"content":{"rendered":"<p>\u201cPostoje indicije da je u medijskim performansima premijera Dritana Abazovi\u0107a i\u00a0 direktora Uprave prihoda i carina Rada Milo\u0161evi\u0107a 90 odsto cigareta zavr\u0161avalo u \u0161vercu, a da je svega deset odsto uni\u0161tavano\u201d, kazao je Konjevi\u0107 novinarima nakon sjednice Vije\u0107a za ncionalnu bezbjednost, na kojoj je smijenjen sa du\u017enosti \u0161efa Biroa za koordinaciju slu\u017ebama bezbjednosti.<\/p>\n<p>On je rekao da je \u201cnezamislivo da direktor Uprave prihoda i carina ne zna ni\u0161ta o tome\u201d.<\/p>\n<p>\u201cDanas je svakom jasno da Milo\u0161evi\u0107 nije mogao da uradi ni\u0161ta bez znanja Abazovi\u0107a. \u010cini mi se jasnije \u0161to je lica osu\u0111ivana za kriminalna djela predlagao za neke ozbiljne funkcije. \u017delja je da se uspotaviti neka vrsta organizovane kriminalne grupe u Upravi prihoda i carina i Agenciji za nacionalnu bezbjednost kako bi cigarete zavr\u0161avale na sivom tr\u017ei\u0161tu\u201d, rekao je Konjevi\u0107, preneseno je na veb sajtu SDP.<\/p>\n<p>On je osumnji\u010dio Abazovi\u0107a za poktroviteljstvom na \u0161vercu cigareta.<\/p>\n<p>\u201cJesam li ja pokrovitelj \u0161verca ili je logi\u010dnije da to bide Dritan. Ovo je va\u017ena tema koju sam \u017eelio da otvorim na BOK-u. Abazovi\u0107 predlo\u017eio moje razrje\u0161enje danas. Tu nema spora. Indikativna je motivacija da to uradi danas i nakon \u0161to smo sve saznali danas da je 90 odsto cigareta odlazilo na sivo tr\u017eiste. Na vije\u0107u je saopstena indicija da je 90 odsto cigareta umjesto spaljivanja oti\u0161lo u \u0161verc. Nije va\u017eno ko je to saop\u0161tio, a va\u017eno je da su to nadle\u017ene institucije sop\u0161tile\u201d, rekao je Konjevi\u0107.<\/p>\n<blockquote class=\"wp-embedded-content\" data-secret=\"QNG2Spv6sv\"><p><a href=\"https:\/\/www.pcnen.com\/portal\/2022\/10\/04\/abazovic-smijenio-konjevica-sa-mjesta-sefa-koordinatora-sluzbi-bezbjednosti\/\">Abazovi\u0107 smijenio Konjevi\u0107a sa mjesta \u0161efa koordinatora slu\u017ebi bezbjednosti<\/a><\/p><\/blockquote>\n<p><iframe loading=\"lazy\" class=\"wp-embedded-content\" sandbox=\"allow-scripts\" security=\"restricted\" style=\"position: absolute; clip: rect(1px, 1px, 1px, 1px);\" title=\"&#8220;Abazovi\u0107 smijenio Konjevi\u0107a sa mjesta \u0161efa koordinatora slu\u017ebi bezbjednosti&#8221; &#8212; PCNEN\" src=\"https:\/\/www.pcnen.com\/portal\/2022\/10\/04\/abazovic-smijenio-konjevica-sa-mjesta-sefa-koordinatora-sluzbi-bezbjednosti\/embed\/#?secret=7sShMM3v8b#?secret=QNG2Spv6sv\" data-secret=\"QNG2Spv6sv\" width=\"600\" height=\"338\" frameborder=\"0\" marginwidth=\"0\" marginheight=\"0\" scrolling=\"no\"><\/iframe><\/p>\n","protected":false},"excerpt":{"rendered":"<p>Ra\u0161ko Konjevi\u0107, lider Socijaldemokratske partije i mnistar odbrane u Vladi kojoj je izglasano nepovjerenje, izjavio je danas da je mogu\u0107e da je uni\u0161teno samo 10 % \u0161vercovanih cigareta.<\/p>\n","protected":false},"author":1,"featured_media":286987,"comment_status":"open","ping_status":"closed","sticky":false,"template":"","format":"standard","meta":{"_seopress_robots_primary_cat":"","_seopress_titles_title":"","_seopress_titles_desc":"","_seopress_robots_index":"","_et_pb_use_builder":"","_et_pb_old_content":"","_et_gb_content_width":"","inline_featured_image":false,"footnotes":""},"categories":[14],"tags":[],"class_list":["post-356555","post","type-post","status-publish","format-standard","has-post-thumbnail","hentry","category-vijesti"],"_links":{"self":[{"href":"https:\/\/www.pcnen.com\/portal\/wp-json\/wp\/v2\/posts\/356555","targetHints":{"allow":["GET"]}}],"collection":[{"href":"https:\/\/www.pcnen.com\/portal\/wp-json\/wp\/v2\/posts"}],"about":[{"href":"https:\/\/www.pcnen.com\/portal\/wp-json\/wp\/v2\/types\/post"}],"author":[{"embeddable":true,"href":"https:\/\/www.pcnen.com\/portal\/wp-json\/wp\/v2\/users\/1"}],"replies":[{"embeddable":true,"href":"https:\/\/www.pcnen.com\/portal\/wp-json\/wp\/v2\/comments?post=356555"}],"version-history":[{"count":3,"href":"https:\/\/www.pcnen.com\/portal\/wp-json\/wp\/v2\/posts\/356555\/revisions"}],"predecessor-version":[{"id":356558,"href":"https:\/\/www.pcnen.com\/portal\/wp-json\/wp\/v2\/posts\/356555\/revisions\/356558"}],"wp:featuredmedia":[{"embeddable":true,"href":"https:\/\/www.pcnen.com\/portal\/wp-json\/wp\/v2\/media\/286987"}],"wp:attachment":[{"href":"https:\/\/www.pcnen.com\/portal\/wp-json\/wp\/v2\/media?parent=356555"}],"wp:term":[{"taxonomy":"category","embeddable":true,"href":"https:\/\/www.pcnen.com\/portal\/wp-json\/wp\/v2\/categories?post=356555"},{"taxonomy":"post_tag","embeddable":true,"href":"https:\/\/www.pcnen.com\/portal\/wp-json\/wp\/v2\/tags?post=356555"}],"curies":[{"name":"wp","href":"https:\/\/api.w.org\/{rel}","templated":true}]}}