{"id":356533,"date":"2022-10-04T12:57:14","date_gmt":"2022-10-04T10:57:14","guid":{"rendered":"https:\/\/www.pcnen.com\/portal\/?p=356533"},"modified":"2022-10-04T12:57:14","modified_gmt":"2022-10-04T10:57:14","slug":"u-petak-moleban-za-svetinju-braka-i-ocuvanje-porodice","status":"publish","type":"post","link":"https:\/\/www.pcnen.com\/portal\/2022\/10\/04\/u-petak-moleban-za-svetinju-braka-i-ocuvanje-porodice\/","title":{"rendered":"U petak Moleban za svetinju braka i o\u010duvanje porodice"},"content":{"rendered":"<p>Moleban se organizuje dan uo\u010di najavljenog Montenegro Prajd.<\/p>\n<p>Moleban \u0107e se odr\u017eati na platou ispred Sabornog hrama Hristovog Vaskrsenja u Podgorici, u petak 7. oktobra u 18 \u010dasova.<\/p>\n<p>U saop\u0161tenju Mitropolije crnogorsko-primorska i Eparhija budimljansko-nik\u0161i\u0107ka se navodi da je jedan od razloga organizovanja molebana &#8220;\u010dinjenica da se i u na\u0161oj dr\u017eavi odr\u017eavaju manifestacije koje svojim djelovanjem direktno razaraju Bogom blagosloveni brak i porodicu, uru\u0161avaju tradicionalne vrijednosti&#8221;.<\/p>\n<p>&#8220;Na\u017ealost, svjedoci smo da ni\u0161ta tako nije devalviralo u na\u0161em vremenu kao rije\u010d ljubav. Mnogi su razlozi za to. A jedan od njih je agresivno, nasilno i uz pomo\u0107 novca i mo\u0107i nametanje novih, izopa\u010denih sistema vrijednosti. Mi \u017eivimo u vremenu nagonskog totalitarizma, gdje su grijeh, samo\u017eivost, samoljublje i li\u010dne sklonosti pojedinaca postavljene kao mjera ljubavi, istine i slobode&#8221;, navodi se izme\u0111u ostalog u saop\u0161tenju kojim se najavljuje organizovanje molebana.<\/p>\n<p>Pozvali su sve koji ba\u0161tine tradicionalne vrijednosti, moral i vjeru na sabornu molitvu sa slavskim ikonama bez politi\u010dkih obilje\u017eja, parola i transparenata, <a href=\"https:\/\/mitropolija.com\/2022\/10\/04\/podgorica-u-petak-moleban-za-svetinju-braka-i-ocuvanje-porodice\/\">pi\u0161e u saop\u0161tenju objavljenom na sajtu Mitropolije.<\/a><\/p>\n<p>&nbsp;<\/p>\n","protected":false},"excerpt":{"rendered":"<p>Mitropolija crnogorsko-primorska i Eparhija budimljansko-nik\u0161i\u0107ka za 7. oktobar najavili su &#8220;moleban za svetinju braka i o\u010duvanje porodice&#8221; koji \u0107e se odr\u017eati ispred hrama Hristovog vaskrsenja u Podgorici.<\/p>\n","protected":false},"author":1,"featured_media":0,"comment_status":"open","ping_status":"closed","sticky":false,"template":"","format":"standard","meta":{"_seopress_robots_primary_cat":"","_seopress_titles_title":"","_seopress_titles_desc":"","_seopress_robots_index":"","_et_pb_use_builder":"","_et_pb_old_content":"","_et_gb_content_width":"","inline_featured_image":false,"footnotes":""},"categories":[14],"tags":[],"class_list":["post-356533","post","type-post","status-publish","format-standard","hentry","category-vijesti"],"_links":{"self":[{"href":"https:\/\/www.pcnen.com\/portal\/wp-json\/wp\/v2\/posts\/356533","targetHints":{"allow":["GET"]}}],"collection":[{"href":"https:\/\/www.pcnen.com\/portal\/wp-json\/wp\/v2\/posts"}],"about":[{"href":"https:\/\/www.pcnen.com\/portal\/wp-json\/wp\/v2\/types\/post"}],"author":[{"embeddable":true,"href":"https:\/\/www.pcnen.com\/portal\/wp-json\/wp\/v2\/users\/1"}],"replies":[{"embeddable":true,"href":"https:\/\/www.pcnen.com\/portal\/wp-json\/wp\/v2\/comments?post=356533"}],"version-history":[{"count":1,"href":"https:\/\/www.pcnen.com\/portal\/wp-json\/wp\/v2\/posts\/356533\/revisions"}],"predecessor-version":[{"id":356535,"href":"https:\/\/www.pcnen.com\/portal\/wp-json\/wp\/v2\/posts\/356533\/revisions\/356535"}],"wp:attachment":[{"href":"https:\/\/www.pcnen.com\/portal\/wp-json\/wp\/v2\/media?parent=356533"}],"wp:term":[{"taxonomy":"category","embeddable":true,"href":"https:\/\/www.pcnen.com\/portal\/wp-json\/wp\/v2\/categories?post=356533"},{"taxonomy":"post_tag","embeddable":true,"href":"https:\/\/www.pcnen.com\/portal\/wp-json\/wp\/v2\/tags?post=356533"}],"curies":[{"name":"wp","href":"https:\/\/api.w.org\/{rel}","templated":true}]}}