{"id":356498,"date":"2022-10-03T17:55:11","date_gmt":"2022-10-03T15:55:11","guid":{"rendered":"https:\/\/www.pcnen.com\/portal\/?p=356498"},"modified":"2022-10-03T17:55:11","modified_gmt":"2022-10-03T15:55:11","slug":"vucurovic-najavio-izmjene-zakona-o-predsjedniku","status":"publish","type":"post","link":"https:\/\/www.pcnen.com\/portal\/2022\/10\/03\/vucurovic-najavio-izmjene-zakona-o-predsjedniku\/","title":{"rendered":"Vu\u010durovi\u0107 najavio izmjene Zakona o predsjedniku"},"content":{"rendered":"<p>Vu\u010durovi\u0107 je, u izjavi za RTCG, naveo da tako ne\u0107e vi\u0161e biti prostora za razna proizvoljna tuma\u010denja, niti za inicijative poput ove o skra\u0107enju mandata skup\u0161tine.<\/p>\n<p>Poslani DF-a je tako odgovorio na izjavu poslanika DPS-a Predraga Bo\u0161kovi\u0107a koji je najavio inicijativu DPS da se skrati mandat Skup\u0161tini.<\/p>\n<p>\u201cImamo 41 poslanika parlamentarne ve\u0107ine i pred nama je jo\u0161 niz va\u017enih odluka, a oni koji su nas glasali 30. avgusta upravo i o\u010dekuju da povla\u010dimo hrabre i mudre poteze od kojih zavisi budu\u0107nost dr\u017eave i bolji \u017eivot gra\u0111ana\u201d, kazao je Vu\u010durovi\u0107 i dodao da je namjera DPS jasna.<\/p>\n<p>\u201cOni o\u010dajni\u010dki i uzaludno poku\u0161avaju da uzdrmaju jedinstvo parlamentarne ve\u0107ine, imaju\u0107i u vidu \u010dinjenicu da ta ve\u0107ina ima velike mogu\u0107nosti i da \u0107e ih nesumnjivo iskoristiti. Jasno je ko je na\u0161 zajedni\u010dki protivnik i ko je protivnik Crne Gore i njene budu\u0107nosti, i taj sto prije mora biti poslat u politi\u010dku istoriju\u201d, zaklju\u010dio je Vu\u010durovi\u0107.<\/p>\n<p>&nbsp;<\/p>\n<blockquote class=\"wp-embedded-content\" data-secret=\"UVLIQzm4Lo\"><p><a href=\"https:\/\/www.pcnen.com\/portal\/2022\/10\/03\/boskovic-dps-ce-podnijeti-novu-inicijativu-za-skracenje-mandata-skupstini\/\">Bo\u0161kovi\u0107: DPS \u0107e podnijeti novu inicijativu za skra\u0107enje mandata Skup\u0161tini<\/a><\/p><\/blockquote>\n<p><iframe loading=\"lazy\" class=\"wp-embedded-content\" sandbox=\"allow-scripts\" security=\"restricted\" style=\"position: absolute; clip: rect(1px, 1px, 1px, 1px);\" title=\"&#8220;Bo\u0161kovi\u0107: DPS \u0107e podnijeti novu inicijativu za skra\u0107enje mandata Skup\u0161tini&#8221; &#8212; PCNEN\" src=\"https:\/\/www.pcnen.com\/portal\/2022\/10\/03\/boskovic-dps-ce-podnijeti-novu-inicijativu-za-skracenje-mandata-skupstini\/embed\/#?secret=KkEL4en9lr#?secret=UVLIQzm4Lo\" data-secret=\"UVLIQzm4Lo\" width=\"600\" height=\"338\" frameborder=\"0\" marginwidth=\"0\" marginheight=\"0\" scrolling=\"no\"><\/iframe><\/p>\n","protected":false},"excerpt":{"rendered":"<p>Poslanik DF Jovan Vu\u010durovi\u0107 najavio je da \u0107e arlamentarna ve\u0107ina uskoro, izmjenama i dopunama Zakona o predsjedniku, urediti njegovu poziciju u ustavno-pravnom sistemu.<\/p>\n","protected":false},"author":1,"featured_media":331200,"comment_status":"open","ping_status":"closed","sticky":false,"template":"","format":"standard","meta":{"_seopress_robots_primary_cat":"","_seopress_titles_title":"","_seopress_titles_desc":"","_seopress_robots_index":"","_et_pb_use_builder":"","_et_pb_old_content":"","_et_gb_content_width":"","inline_featured_image":false,"footnotes":""},"categories":[14],"tags":[],"class_list":["post-356498","post","type-post","status-publish","format-standard","has-post-thumbnail","hentry","category-vijesti"],"_links":{"self":[{"href":"https:\/\/www.pcnen.com\/portal\/wp-json\/wp\/v2\/posts\/356498","targetHints":{"allow":["GET"]}}],"collection":[{"href":"https:\/\/www.pcnen.com\/portal\/wp-json\/wp\/v2\/posts"}],"about":[{"href":"https:\/\/www.pcnen.com\/portal\/wp-json\/wp\/v2\/types\/post"}],"author":[{"embeddable":true,"href":"https:\/\/www.pcnen.com\/portal\/wp-json\/wp\/v2\/users\/1"}],"replies":[{"embeddable":true,"href":"https:\/\/www.pcnen.com\/portal\/wp-json\/wp\/v2\/comments?post=356498"}],"version-history":[{"count":1,"href":"https:\/\/www.pcnen.com\/portal\/wp-json\/wp\/v2\/posts\/356498\/revisions"}],"predecessor-version":[{"id":356499,"href":"https:\/\/www.pcnen.com\/portal\/wp-json\/wp\/v2\/posts\/356498\/revisions\/356499"}],"wp:featuredmedia":[{"embeddable":true,"href":"https:\/\/www.pcnen.com\/portal\/wp-json\/wp\/v2\/media\/331200"}],"wp:attachment":[{"href":"https:\/\/www.pcnen.com\/portal\/wp-json\/wp\/v2\/media?parent=356498"}],"wp:term":[{"taxonomy":"category","embeddable":true,"href":"https:\/\/www.pcnen.com\/portal\/wp-json\/wp\/v2\/categories?post=356498"},{"taxonomy":"post_tag","embeddable":true,"href":"https:\/\/www.pcnen.com\/portal\/wp-json\/wp\/v2\/tags?post=356498"}],"curies":[{"name":"wp","href":"https:\/\/api.w.org\/{rel}","templated":true}]}}