{"id":356491,"date":"2022-10-03T16:09:03","date_gmt":"2022-10-03T14:09:03","guid":{"rendered":"https:\/\/www.pcnen.com\/portal\/?p=356491"},"modified":"2022-10-03T16:09:03","modified_gmt":"2022-10-03T14:09:03","slug":"konjevic-sazvao-sjednicu-biroa-bezbjednosnih-sluzbi-za-petak","status":"publish","type":"post","link":"https:\/\/www.pcnen.com\/portal\/2022\/10\/03\/konjevic-sazvao-sjednicu-biroa-bezbjednosnih-sluzbi-za-petak\/","title":{"rendered":"Konjevi\u0107 sazvao sjednicu Biroa bezbjednosnih slu\u017ebi za petak"},"content":{"rendered":"<p>Sjednicu je sazvao koordinator svih bezbjednosnih slu\u017ebi, potpredsjednik Vlade i ministar odbrane Ra\u0161ko Konjevi\u0107. Trebalo je da sjednica bude sazvana i ranije, ali zbog obaveza \u010dlanova BOK-a zakazana je za petak, 7. Oktobar.<\/p>\n<p>Biro za operativnu koordinaciju \u010dine direktor ANB-a, direktor Uprave poicije, na\u010delnik General\u0161taba Vojske Crne Gore, direktor Uprave za spre\u010davanje pranja novca i finansiranja terorizma, na\u010delnik Odjeljenja za vojno obavje\u0161tajne i bezbjednosne poslove Ministarstva odbrane, generalni direktor Direktorata za bezbjednosno za\u0161titne poslove i nadzor Ministarstva unutra\u0161njih poslova i sekretar Vije\u0107a za nacionalnu bezbjednost.<\/p>\n","protected":false},"excerpt":{"rendered":"<p>Zbog \u0161verca cigareta u petak \u0107e biti odr\u017eana sjednica Biroa za operativnu koordinaciju slu\u017ebi bezbjednosti, saznaje Antena M.<\/p>\n","protected":false},"author":1,"featured_media":0,"comment_status":"open","ping_status":"closed","sticky":false,"template":"","format":"standard","meta":{"_seopress_robots_primary_cat":"","_seopress_titles_title":"","_seopress_titles_desc":"","_seopress_robots_index":"","_et_pb_use_builder":"","_et_pb_old_content":"","_et_gb_content_width":"","inline_featured_image":false,"footnotes":""},"categories":[14],"tags":[],"class_list":["post-356491","post","type-post","status-publish","format-standard","hentry","category-vijesti"],"_links":{"self":[{"href":"https:\/\/www.pcnen.com\/portal\/wp-json\/wp\/v2\/posts\/356491","targetHints":{"allow":["GET"]}}],"collection":[{"href":"https:\/\/www.pcnen.com\/portal\/wp-json\/wp\/v2\/posts"}],"about":[{"href":"https:\/\/www.pcnen.com\/portal\/wp-json\/wp\/v2\/types\/post"}],"author":[{"embeddable":true,"href":"https:\/\/www.pcnen.com\/portal\/wp-json\/wp\/v2\/users\/1"}],"replies":[{"embeddable":true,"href":"https:\/\/www.pcnen.com\/portal\/wp-json\/wp\/v2\/comments?post=356491"}],"version-history":[{"count":1,"href":"https:\/\/www.pcnen.com\/portal\/wp-json\/wp\/v2\/posts\/356491\/revisions"}],"predecessor-version":[{"id":356492,"href":"https:\/\/www.pcnen.com\/portal\/wp-json\/wp\/v2\/posts\/356491\/revisions\/356492"}],"wp:attachment":[{"href":"https:\/\/www.pcnen.com\/portal\/wp-json\/wp\/v2\/media?parent=356491"}],"wp:term":[{"taxonomy":"category","embeddable":true,"href":"https:\/\/www.pcnen.com\/portal\/wp-json\/wp\/v2\/categories?post=356491"},{"taxonomy":"post_tag","embeddable":true,"href":"https:\/\/www.pcnen.com\/portal\/wp-json\/wp\/v2\/tags?post=356491"}],"curies":[{"name":"wp","href":"https:\/\/api.w.org\/{rel}","templated":true}]}}