{"id":356468,"date":"2022-10-03T10:59:11","date_gmt":"2022-10-03T08:59:11","guid":{"rendered":"https:\/\/www.pcnen.com\/portal\/?p=356468"},"modified":"2022-10-03T10:59:11","modified_gmt":"2022-10-03T08:59:11","slug":"boskovic-dps-ce-podnijeti-novu-inicijativu-za-skracenje-mandata-skupstini","status":"publish","type":"post","link":"https:\/\/www.pcnen.com\/portal\/2022\/10\/03\/boskovic-dps-ce-podnijeti-novu-inicijativu-za-skracenje-mandata-skupstini\/","title":{"rendered":"Bo\u0161kovi\u0107: DPS \u0107e podnijeti novu inicijativu za skra\u0107enje mandata Skup\u0161tini"},"content":{"rendered":"<p>Bo\u0161kovi\u0107 je za Gradsku TV naveo da \u0107e, ukoliko bude hrabrosti, u oktobru biti skra\u0107en mandat parlamentu.<\/p>\n<p>\u201cKao \u0161to je predsjednik \u0110ukanovi\u0107 rekao, sada je odgovornost na parlamentu, koji je odbio da stavi na dnevni red njegovu inicijativu, i sve posljedice neskra\u0107ivanja mandata Skup\u0161ptini bi\u0107e u dvori\u0161tu parlamenta. DPS \u0107e insistirati da se u \u0161to kra\u0107em roku skrati mandat i da se ide na izbore\u201d, istakao je Bo\u0161kovi\u0107, dodaju\u0107i da \u010dekaju podgori\u010dke izbore kako bi mogli da donose odluke na nivou dr\u017eave.<\/p>\n<p>\u201cTo je neodgovorno pona\u0161anje, jer velika ve\u0107ina politi\u010dkih subjekata stavlja isklju\u0107ivo partijske ispred dr\u017eavnih interesa. To je problem koji imamo od 30. avgusta 2020\u201d, rekao je Bo\u0161kovi\u0107<\/p>\n<p>Zbog lokalnih izbora 23. oktobra odre\u0111ene partije, kako navodi, ili nemaju hrabrosti ili kalkuli\u0161u zbog bojazni od rezultata, ugro\u017eavaju\u0107i budu\u0107nost dr\u017eave zbog uskopartijskih interesa.<\/p>\n<p>\u201cDritan je tu da Crnu Goru \u0161to vi\u0161e ve\u017ee za Srbiju, za prikriveni srpski svijet u formi Otvorenog Balkana\u201d, zaklju\u010dio je Bo\u0161kovi\u0107 za Gradsku RTV.<\/p>\n","protected":false},"excerpt":{"rendered":"<p>Demokratska partija socijalista (DPS) \u0107e podnijeti novu inicijativu, koju \u0107e potpisati tre\u0107ina poslanika, jer smatramo da je to jedini na\u010din za izlazak iz krize, kazao je poslanik DPS-a Predrag Bo\u0161kovi\u0107.<\/p>\n","protected":false},"author":1,"featured_media":345951,"comment_status":"open","ping_status":"closed","sticky":false,"template":"","format":"standard","meta":{"_seopress_robots_primary_cat":"","_seopress_titles_title":"","_seopress_titles_desc":"","_seopress_robots_index":"","_et_pb_use_builder":"","_et_pb_old_content":"","_et_gb_content_width":"","inline_featured_image":false,"footnotes":""},"categories":[14],"tags":[],"class_list":["post-356468","post","type-post","status-publish","format-standard","has-post-thumbnail","hentry","category-vijesti"],"_links":{"self":[{"href":"https:\/\/www.pcnen.com\/portal\/wp-json\/wp\/v2\/posts\/356468","targetHints":{"allow":["GET"]}}],"collection":[{"href":"https:\/\/www.pcnen.com\/portal\/wp-json\/wp\/v2\/posts"}],"about":[{"href":"https:\/\/www.pcnen.com\/portal\/wp-json\/wp\/v2\/types\/post"}],"author":[{"embeddable":true,"href":"https:\/\/www.pcnen.com\/portal\/wp-json\/wp\/v2\/users\/1"}],"replies":[{"embeddable":true,"href":"https:\/\/www.pcnen.com\/portal\/wp-json\/wp\/v2\/comments?post=356468"}],"version-history":[{"count":1,"href":"https:\/\/www.pcnen.com\/portal\/wp-json\/wp\/v2\/posts\/356468\/revisions"}],"predecessor-version":[{"id":356469,"href":"https:\/\/www.pcnen.com\/portal\/wp-json\/wp\/v2\/posts\/356468\/revisions\/356469"}],"wp:featuredmedia":[{"embeddable":true,"href":"https:\/\/www.pcnen.com\/portal\/wp-json\/wp\/v2\/media\/345951"}],"wp:attachment":[{"href":"https:\/\/www.pcnen.com\/portal\/wp-json\/wp\/v2\/media?parent=356468"}],"wp:term":[{"taxonomy":"category","embeddable":true,"href":"https:\/\/www.pcnen.com\/portal\/wp-json\/wp\/v2\/categories?post=356468"},{"taxonomy":"post_tag","embeddable":true,"href":"https:\/\/www.pcnen.com\/portal\/wp-json\/wp\/v2\/tags?post=356468"}],"curies":[{"name":"wp","href":"https:\/\/api.w.org\/{rel}","templated":true}]}}