{"id":356458,"date":"2022-10-03T09:05:47","date_gmt":"2022-10-03T07:05:47","guid":{"rendered":"https:\/\/www.pcnen.com\/portal\/?p=356458"},"modified":"2022-10-03T09:06:24","modified_gmt":"2022-10-03T07:06:24","slug":"abazovic-dukanovicu-i-golijat-je-dobijao-sve-bitke-dok-nije-naisao-na-davida","status":"publish","type":"post","link":"https:\/\/www.pcnen.com\/portal\/2022\/10\/03\/abazovic-dukanovicu-i-golijat-je-dobijao-sve-bitke-dok-nije-naisao-na-davida\/","title":{"rendered":"Abazovi\u0107 \u0110ukanovi\u0107u: I Golijat je dobijao sve bitke dok nije nai\u0161ao na Davida"},"content":{"rendered":"<p>\u0110ukanovi\u0107u su politi\u010dki dani odbrojani, kazao je premijer Dritan Abazovi\u0107 za IN4S, odgovorio je na ju\u010dera\u0161nju izjavu \u0110ukanovi\u0107a.<\/p>\n<p>\u201eMnogo sam ja ozbiljnijih protivnika prebacio preko glave tokom prethodnih 30 godina od Dritana Abazovi\u0107a, imali su istu \u017eelju koju ima on. Njih danas nema, ja sam tu. Mislim da ni njega uskoro ne\u0107e biti na politi\u010dkoj sceni Crne Gore\u201c, kazao je \u0110ukanovi\u0107 u intervjuu za Glas Amerike.<\/p>\n","protected":false},"excerpt":{"rendered":"<p>Ili on ili ja \u2013 I Golijat je dobijao sve bitke dok nije nai\u0161ao na Davida.<\/p>\n","protected":false},"author":1,"featured_media":338330,"comment_status":"open","ping_status":"closed","sticky":false,"template":"","format":"standard","meta":{"_seopress_robots_primary_cat":"","_seopress_titles_title":"","_seopress_titles_desc":"","_seopress_robots_index":"","_et_pb_use_builder":"","_et_pb_old_content":"","_et_gb_content_width":"","inline_featured_image":false,"footnotes":""},"categories":[14],"tags":[],"class_list":["post-356458","post","type-post","status-publish","format-standard","has-post-thumbnail","hentry","category-vijesti"],"_links":{"self":[{"href":"https:\/\/www.pcnen.com\/portal\/wp-json\/wp\/v2\/posts\/356458","targetHints":{"allow":["GET"]}}],"collection":[{"href":"https:\/\/www.pcnen.com\/portal\/wp-json\/wp\/v2\/posts"}],"about":[{"href":"https:\/\/www.pcnen.com\/portal\/wp-json\/wp\/v2\/types\/post"}],"author":[{"embeddable":true,"href":"https:\/\/www.pcnen.com\/portal\/wp-json\/wp\/v2\/users\/1"}],"replies":[{"embeddable":true,"href":"https:\/\/www.pcnen.com\/portal\/wp-json\/wp\/v2\/comments?post=356458"}],"version-history":[{"count":2,"href":"https:\/\/www.pcnen.com\/portal\/wp-json\/wp\/v2\/posts\/356458\/revisions"}],"predecessor-version":[{"id":356460,"href":"https:\/\/www.pcnen.com\/portal\/wp-json\/wp\/v2\/posts\/356458\/revisions\/356460"}],"wp:featuredmedia":[{"embeddable":true,"href":"https:\/\/www.pcnen.com\/portal\/wp-json\/wp\/v2\/media\/338330"}],"wp:attachment":[{"href":"https:\/\/www.pcnen.com\/portal\/wp-json\/wp\/v2\/media?parent=356458"}],"wp:term":[{"taxonomy":"category","embeddable":true,"href":"https:\/\/www.pcnen.com\/portal\/wp-json\/wp\/v2\/categories?post=356458"},{"taxonomy":"post_tag","embeddable":true,"href":"https:\/\/www.pcnen.com\/portal\/wp-json\/wp\/v2\/tags?post=356458"}],"curies":[{"name":"wp","href":"https:\/\/api.w.org\/{rel}","templated":true}]}}