{"id":356428,"date":"2022-10-02T20:58:38","date_gmt":"2022-10-02T18:58:38","guid":{"rendered":"https:\/\/www.pcnen.com\/portal\/?p=356428"},"modified":"2022-10-02T20:58:38","modified_gmt":"2022-10-02T18:58:38","slug":"promjenljivo-oblacno-do-25-stepeni-2","status":"publish","type":"post","link":"https:\/\/www.pcnen.com\/portal\/2022\/10\/02\/promjenljivo-oblacno-do-25-stepeni-2\/","title":{"rendered":"Promjenljivo obla\u010dno, do 25 stepeni"},"content":{"rendered":"<p>Na sjeveru, uz ja\u010di razvoj obla\u010dnosti tokom dana, ponegdje ima uslova za prola\u017enu ki\u0161u ili pljusak.<\/p>\n<p>Na sjeveru po kotlinama je ujutro mogu\u0107a magla i pove\u0107ana niska obla\u010dnost.<\/p>\n<p>Vjetar sjevernih smjerova, bi\u0107e slab do umjeren, ponegdje i poja\u010dan.<\/p>\n<p>Jutarnja temperatura vazduha kreta\u0107e se od 4 do 16, najvi\u0161a dnevna od 12 do 27 stepeni.<\/p>\n<p>U Podgorici \u0107e biti malo do umjereno obla\u010dno sa sun\u010danim intervalima.<\/p>\n<p>Vjetar, krajem dana i tokom no\u0107i umjeren, sjeverni.<\/p>\n<p>Jutarnja temperatura vazduha bi\u0107e oko 14, najvi\u0161a dnevna oko 25 stepeni.<\/p>\n","protected":false},"excerpt":{"rendered":"<p>U Crnoj Gori \u0107e u ponedjeljak biti\u00a0 promjenljivo obla\u010dno. Na jugu \u0107e biti du\u017eih sun\u010danih intervala.<\/p>\n","protected":false},"author":1,"featured_media":356429,"comment_status":"open","ping_status":"closed","sticky":false,"template":"","format":"standard","meta":{"_seopress_robots_primary_cat":"","_seopress_titles_title":"","_seopress_titles_desc":"","_seopress_robots_index":"","_et_pb_use_builder":"","_et_pb_old_content":"","_et_gb_content_width":"","inline_featured_image":false,"footnotes":""},"categories":[14],"tags":[],"class_list":["post-356428","post","type-post","status-publish","format-standard","has-post-thumbnail","hentry","category-vijesti"],"_links":{"self":[{"href":"https:\/\/www.pcnen.com\/portal\/wp-json\/wp\/v2\/posts\/356428","targetHints":{"allow":["GET"]}}],"collection":[{"href":"https:\/\/www.pcnen.com\/portal\/wp-json\/wp\/v2\/posts"}],"about":[{"href":"https:\/\/www.pcnen.com\/portal\/wp-json\/wp\/v2\/types\/post"}],"author":[{"embeddable":true,"href":"https:\/\/www.pcnen.com\/portal\/wp-json\/wp\/v2\/users\/1"}],"replies":[{"embeddable":true,"href":"https:\/\/www.pcnen.com\/portal\/wp-json\/wp\/v2\/comments?post=356428"}],"version-history":[{"count":1,"href":"https:\/\/www.pcnen.com\/portal\/wp-json\/wp\/v2\/posts\/356428\/revisions"}],"predecessor-version":[{"id":356430,"href":"https:\/\/www.pcnen.com\/portal\/wp-json\/wp\/v2\/posts\/356428\/revisions\/356430"}],"wp:featuredmedia":[{"embeddable":true,"href":"https:\/\/www.pcnen.com\/portal\/wp-json\/wp\/v2\/media\/356429"}],"wp:attachment":[{"href":"https:\/\/www.pcnen.com\/portal\/wp-json\/wp\/v2\/media?parent=356428"}],"wp:term":[{"taxonomy":"category","embeddable":true,"href":"https:\/\/www.pcnen.com\/portal\/wp-json\/wp\/v2\/categories?post=356428"},{"taxonomy":"post_tag","embeddable":true,"href":"https:\/\/www.pcnen.com\/portal\/wp-json\/wp\/v2\/tags?post=356428"}],"curies":[{"name":"wp","href":"https:\/\/api.w.org\/{rel}","templated":true}]}}