{"id":356424,"date":"2022-10-02T19:38:58","date_gmt":"2022-10-02T17:38:58","guid":{"rendered":"https:\/\/www.pcnen.com\/portal\/?p=356424"},"modified":"2022-10-02T19:38:58","modified_gmt":"2022-10-02T17:38:58","slug":"rat-za-mir-na-javnom-servisu","status":"publish","type":"post","link":"https:\/\/www.pcnen.com\/portal\/2022\/10\/02\/rat-za-mir-na-javnom-servisu\/","title":{"rendered":"&#8216;Rat za mir&#8217; na javnom servisu"},"content":{"rendered":"<p>Poslije 18 godina skrivanja od javnosti, sino\u0107 je na nacionalnom medijskom javnom servisu (RTCG) u udarnom terminu prikazan dokumentarni film autora Ko\u010de Pavlovi\u0107a &#8216;Rat za mir&#8217;. Za razliku od onog Baleti\u0107evog na istu temu, u kojem se na neki na\u010din poku\u0161ala abolirati Crna Gora i \u0110ukanovi\u0107 od odgovornosti za napad na Dubrovnik, a odgovornost prebaciti na Beograd, Pavlovi\u0107ev film je mnogo objektivniji, bez navijanja i aboliranja bilo koga, rekao bih. (To \u0161to sam prijatelj sa Baleti\u0107em ne spre\u010dava me da iznesem kriti\u010dan stav prema\u00a0 njegovom filmu).<\/p>\n<p>Film Ko\u010de Pavlovi\u0107a je ponovo probudio sje\u0107anje na jednu od najsramnijih epizoda novije crnogorske istorije i, uz sve nesavr\u0161enosti, dosta precizno odslikao taj period. Glavna zamjerka bi mu, po mom sudu, bila ta \u0161to u njemu nije dovoljno nagla\u0161eno kako smo u tom ratu plja\u010dkali bukvalno sve: pente, brodice, automobile, kade, bojlere, videorekordere, pokretne stepenice, \u010dak krave&#8230;<\/p>\n<p>Bila je to op\u0161ta plja\u010dka.<\/p>\n<p>U filmu se donekle aboliraju crnogorski rezervisti, koji su kao bili zavedeni propagandom. Propaganda je zaista bila neopisiva, Gebelsovska, ali su se rezervisti poslije samo par dana provedenih na rati\u0161tu mogli uvjeriti da ni\u0161ta nije onako kako je predstavljano, pobuniti se, baciti oru\u017eje i dezertirati \u2013 kako je uradio jedan moj prijatelj, koji je punog srca po\u0161ao na rati\u0161te \u2013 da brani zemlju, ali kada je vidio o \u010demu se radi \u2013 dezertirao je. Me\u0111utim, ve\u0107ina njih je pjevala \u201ejuna\u010dke pjesme\u201c pri\u010daju\u0107i o svojim \u201eherojskim\u201c\u00a0 podvizima, juna\u0161tvu i patriotizmu iskazanom tamo: kako pred kamerama, tako, kada bi do\u0161li na odsustvo, prijateljima, uz aktivno u\u010destvovanje u pomenutoj propagandi.<\/p>\n<p>Razlog zbog kojeg sam odlu\u010dio da se osvrnem na taj sramni pohod ipak je druge prirode. Mislim da on mo\u017ee poslu\u017eiti istra\u017eiva\u010dima i istori\u010darima koji bi se bavili tom temom &#8211; ako takvih bude.<\/p>\n<p>U filmu Ko\u010de Pavlovi\u0107a jedan od glavnih hu\u0161ka\u010da na rat, \u0110ukanovi\u0107, i ideolog \u201erata za mir\u201c, Marovi\u0107 (u me\u0111uvremeno osu\u0111eni \u0161ef organizovane kriminalne grupe), izjavljuju da su bili zavedeni od strane Beograda i da nijesu znali da \u0107e uslijediti pohod na Dubrovnik. Da to nije ta\u010dno svjedo\u010di pismo \u010ditaoca nedjeljnika &#8216;Monitor&#8217; na koje su svi, izgleda, zaboravili, a ja ga se dobro sje\u0107am. U tom pismu, \u010ditalac kome sam zaboravio ime, a koje je objavljeno mjesec ili dva prije pohoda (znam da je bilo ljeto), pi\u0161e i upozorava da se sprema napad na Dubrovnik, da je tu informaciju \u010duo za kafanskim stolom u Budvi, od Marovi\u0107a, koji je sjede\u0107i za susjednim stolom tu informaciju saop\u0161tio svojim prijateljima!<\/p>\n<p>Druga stvar koji bi bila vrijedna istra\u017eivanja je moja opravdana sumnja da su neki od onih koji su dezertirali ubijani bez suda, na rati\u0161tu.<\/p>\n<p>Kako mi se ona javila?<\/p>\n<p>Negdje kada je dubrova\u010dka \u201eoperacija\u201c jenjavala, a rezervisti po\u010deli da budu mobilisani za Hercegovinu ili Kordun i Baniju, poslije dvadesetak bezuspje\u0161nih poku\u0161aja da me uhapse zbog odbijanja da se odazovem vojnom pozivu te javno iskazanom protivljenju ratu, najzad me je policija (civilna) uhapsila. \u201eMaricom\u201c sam odveden diretkno u kasarnu u Danilovgradu i predat de\u017eurnom oficiru. Mislim da je bio kapetan po \u010dinu. Kako sam, uprkos hap\u0161enju, odbijao da obu\u010dem uniformu, \u010detiri sata su me islje\u0111ivali i ubje\u0111ivali, prijete\u0107i mi prijekim sudom, dugogodi\u0161njom robijom, \u010dak smrtnom kaznom \u201ezbog dezerterstva u ratnom stanju\u201c, iako mi \u201enikad nijesmo u\u010destvovali u ratu\u201c. Kada su vidjeli da ni to ne poma\u017ee, de\u017eurni starje\u0161ina, u prisustvo dva policajca koje su me priveli, saop\u0161tio mi je slede\u0107e: \u201eSlu\u0161aj \u0160arki\u0107u, imamo mi na\u010dina za takve kao ti. Pove\u0161\u010demo te na rati\u0161te, ubiti, potom obu\u0107i uniformu i re\u0107i da si poginuo u borbi juna\u010dki brane\u0107i otad\u017ebinu\u201c!<\/p>\n<p>Te prijetnja mi je kasnije stalno odzvanjala u glavi, te sam zaklju\u010dio \u2013 \u0161to ne mora biti ta\u010dno &#8211; da de\u017eurnom oficiru koji me je islje\u0111ivao ta ideja nije tek tako pala na pamet, ve\u0107 da je izrekao na osnovu saznanja da se takve stvari rade. Valjalo bi istra\u017eiti \u2013 ako ima ko &#8211; da li je bilo takvih slu\u010dajeva.<\/p>\n","protected":false},"excerpt":{"rendered":"<p>Pi\u0161e: Omer \u0160ARKI\u0106<\/p>\n","protected":false},"author":12,"featured_media":286086,"comment_status":"open","ping_status":"closed","sticky":false,"template":"","format":"standard","meta":{"_seopress_robots_primary_cat":"","_seopress_titles_title":"","_seopress_titles_desc":"","_seopress_robots_index":"","_et_pb_use_builder":"","_et_pb_old_content":"","_et_gb_content_width":"","inline_featured_image":false,"footnotes":""},"categories":[17],"tags":[],"class_list":["post-356424","post","type-post","status-publish","format-standard","has-post-thumbnail","hentry","category-blogovi"],"_links":{"self":[{"href":"https:\/\/www.pcnen.com\/portal\/wp-json\/wp\/v2\/posts\/356424","targetHints":{"allow":["GET"]}}],"collection":[{"href":"https:\/\/www.pcnen.com\/portal\/wp-json\/wp\/v2\/posts"}],"about":[{"href":"https:\/\/www.pcnen.com\/portal\/wp-json\/wp\/v2\/types\/post"}],"author":[{"embeddable":true,"href":"https:\/\/www.pcnen.com\/portal\/wp-json\/wp\/v2\/users\/12"}],"replies":[{"embeddable":true,"href":"https:\/\/www.pcnen.com\/portal\/wp-json\/wp\/v2\/comments?post=356424"}],"version-history":[{"count":3,"href":"https:\/\/www.pcnen.com\/portal\/wp-json\/wp\/v2\/posts\/356424\/revisions"}],"predecessor-version":[{"id":356427,"href":"https:\/\/www.pcnen.com\/portal\/wp-json\/wp\/v2\/posts\/356424\/revisions\/356427"}],"wp:featuredmedia":[{"embeddable":true,"href":"https:\/\/www.pcnen.com\/portal\/wp-json\/wp\/v2\/media\/286086"}],"wp:attachment":[{"href":"https:\/\/www.pcnen.com\/portal\/wp-json\/wp\/v2\/media?parent=356424"}],"wp:term":[{"taxonomy":"category","embeddable":true,"href":"https:\/\/www.pcnen.com\/portal\/wp-json\/wp\/v2\/categories?post=356424"},{"taxonomy":"post_tag","embeddable":true,"href":"https:\/\/www.pcnen.com\/portal\/wp-json\/wp\/v2\/tags?post=356424"}],"curies":[{"name":"wp","href":"https:\/\/api.w.org\/{rel}","templated":true}]}}