{"id":356419,"date":"2022-10-02T18:11:51","date_gmt":"2022-10-02T16:11:51","guid":{"rendered":"https:\/\/www.pcnen.com\/portal\/?p=356419"},"modified":"2022-10-02T18:12:23","modified_gmt":"2022-10-02T16:12:23","slug":"abazovic-zavrseno-vrijeme-principa-nekaznjivosti-video","status":"publish","type":"post","link":"https:\/\/www.pcnen.com\/portal\/2022\/10\/02\/abazovic-zavrseno-vrijeme-principa-nekaznjivosti-video\/","title":{"rendered":"Abazovi\u0107: Zavr\u0161eno vrijeme principa neka\u017enjivosti (video)"},"content":{"rendered":"<p>On je to rekao komentari\u0161u\u0107i sino\u0107nje privo\u0111enje direktora UPC Rada Milo\u0161evi\u0107a i sumnje tu\u017eila\u0161tva da jedan kamion sa cigaretama namijenjenim uni\u0161tavanju nije stigao na lokaciju.<\/p>\n<p>&#8220;Dobra je stvar \u0161to se na vi\u0161e na\u010dina vr\u0161i nadzor i \u0161to imamo podr\u0161ku me\u0111unarodnih partnera. Logi\u010dno je da UPC, koja ima veliki broj zaposlenih, ima ljude koji su, da ka\u017eem sa druge strane&#8221;, kazao je Abazovi\u0107<\/p>\n<p>Dodao je da je talo\u017eenje principa neka\u017enjivosti zavr\u0161eno.<\/p>\n<p>&#8220;Ne mo\u017eemo da imamo sistem u kojem nema odgovornosti. Po\u0161tuju\u0107i prezumpciju nevinosti \u017eelim da ka\u017eem da bi volio da se sve \u010dinjeni\u010dno potkrijepi, i da se svako snosi odre\u0111ene posledice&#8221;, poru\u010dio je on.<\/p>\n<p>Dodao je da ne\u0107e podnijeti ostavku, zbog dobrih rezultata koje je\u00a0 Vlada postigla u prethodnom periodu.<\/p>\n<p>Ko je uradio propust neka utvr\u0111uju nadle\u017eni organi, a \u0161to se ti\u010de paktivnosti SDT-a, tu ne treba i ne smije da ima selektivnosti, pa da mi je iz ku\u0107e, kazao je Abazovi\u0107.<\/p>\n<p>\u201cZa mene nema razlike. Za to ne mo\u017ee da postoji nikakva tolerancija\u201d, \u00a0kazao je Abazovi\u0107.<\/p>\n<p>Pozvao je nadle\u017ene organe da nastave da rade svoj posao.<\/p>\n<p><iframe loading=\"lazy\" style=\"border: none; overflow: hidden;\" src=\"https:\/\/www.facebook.com\/plugins\/video.php?height=476&amp;href=https%3A%2F%2Fwww.facebook.com%2Fabazovicdritan%2Fvideos%2F5508791465866793%2F&amp;show_text=false&amp;width=267&amp;t=0\" width=\"267\" height=\"476\" frameborder=\"0\" scrolling=\"no\" allowfullscreen=\"allowfullscreen\"><\/iframe><\/p>\n","protected":false},"excerpt":{"rendered":"<p>Premijer Dritan Abazovi\u0107 kazao je da bi \u017eelio da vidi gdje je kamion sa cigaretama koje su navodno nestale u Nik\u0161i\u0107u, i da nadle\u017eni ogrgani to treba da utvrde<\/p>\n","protected":false},"author":1,"featured_media":301358,"comment_status":"open","ping_status":"closed","sticky":false,"template":"","format":"standard","meta":{"_seopress_robots_primary_cat":"","_seopress_titles_title":"","_seopress_titles_desc":"","_seopress_robots_index":"","_et_pb_use_builder":"","_et_pb_old_content":"","_et_gb_content_width":"","inline_featured_image":false,"footnotes":""},"categories":[14],"tags":[],"class_list":["post-356419","post","type-post","status-publish","format-standard","has-post-thumbnail","hentry","category-vijesti"],"_links":{"self":[{"href":"https:\/\/www.pcnen.com\/portal\/wp-json\/wp\/v2\/posts\/356419","targetHints":{"allow":["GET"]}}],"collection":[{"href":"https:\/\/www.pcnen.com\/portal\/wp-json\/wp\/v2\/posts"}],"about":[{"href":"https:\/\/www.pcnen.com\/portal\/wp-json\/wp\/v2\/types\/post"}],"author":[{"embeddable":true,"href":"https:\/\/www.pcnen.com\/portal\/wp-json\/wp\/v2\/users\/1"}],"replies":[{"embeddable":true,"href":"https:\/\/www.pcnen.com\/portal\/wp-json\/wp\/v2\/comments?post=356419"}],"version-history":[{"count":2,"href":"https:\/\/www.pcnen.com\/portal\/wp-json\/wp\/v2\/posts\/356419\/revisions"}],"predecessor-version":[{"id":356421,"href":"https:\/\/www.pcnen.com\/portal\/wp-json\/wp\/v2\/posts\/356419\/revisions\/356421"}],"wp:featuredmedia":[{"embeddable":true,"href":"https:\/\/www.pcnen.com\/portal\/wp-json\/wp\/v2\/media\/301358"}],"wp:attachment":[{"href":"https:\/\/www.pcnen.com\/portal\/wp-json\/wp\/v2\/media?parent=356419"}],"wp:term":[{"taxonomy":"category","embeddable":true,"href":"https:\/\/www.pcnen.com\/portal\/wp-json\/wp\/v2\/categories?post=356419"},{"taxonomy":"post_tag","embeddable":true,"href":"https:\/\/www.pcnen.com\/portal\/wp-json\/wp\/v2\/tags?post=356419"}],"curies":[{"name":"wp","href":"https:\/\/api.w.org\/{rel}","templated":true}]}}