{"id":356415,"date":"2022-10-02T16:11:22","date_gmt":"2022-10-02T14:11:22","guid":{"rendered":"https:\/\/www.pcnen.com\/portal\/?p=356415"},"modified":"2022-10-02T16:11:22","modified_gmt":"2022-10-02T14:11:22","slug":"sekulovicu-nije-produzen-pritvor","status":"publish","type":"post","link":"https:\/\/www.pcnen.com\/portal\/2022\/10\/02\/sekulovicu-nije-produzen-pritvor\/","title":{"rendered":"Sekulovi\u0107u nije produ\u017een pritvor"},"content":{"rendered":"<p>&#8220;Sudija za istragu Osnovnog suda u Podgorici je odbio predlog za odre\u0111ivanje pritvora protiv osumnjicenog R.S. zbog krivi\u010dnog djela nedozvoljeno dr\u017eanje oru\u017eja i eksplozivnih materija i odredio mjeru nadzora zabrane napu\u0161tanja stana, porodi\u010dne ku\u0107e na adresi na kojoj stanuje&#8221;, saop\u0161teno je u Osnovnom sudu.<\/p>\n<p>ODT u Podgorici je na ovakvu odluku sudije za istragu izjavio \u017ealbu o kojoj \u0107e Vije\u0107e suda odlu\u010diti u zakonskom roku.<\/p>\n<p>&nbsp;<\/p>\n<blockquote class=\"wp-embedded-content\" data-secret=\"xa5rIqwcaB\"><p><a href=\"https:\/\/www.pcnen.com\/portal\/2022\/09\/30\/sekulovicu-zadrzavanje-do-72-sata-belojevic-na-slobodi\/\">Sekulovi\u0107u zadr\u017eavanje do 72 sata, Belojevi\u0107 na slobodi<\/a><\/p><\/blockquote>\n<p><iframe loading=\"lazy\" class=\"wp-embedded-content\" sandbox=\"allow-scripts\" security=\"restricted\" style=\"position: absolute; clip: rect(1px, 1px, 1px, 1px);\" title=\"&#8220;Sekulovi\u0107u zadr\u017eavanje do 72 sata, Belojevi\u0107 na slobodi&#8221; &#8212; PCNEN\" src=\"https:\/\/www.pcnen.com\/portal\/2022\/09\/30\/sekulovicu-zadrzavanje-do-72-sata-belojevic-na-slobodi\/embed\/#?secret=Su5PuKyhxr#?secret=xa5rIqwcaB\" data-secret=\"xa5rIqwcaB\" width=\"600\" height=\"338\" frameborder=\"0\" marginwidth=\"0\" marginheight=\"0\" scrolling=\"no\"><\/iframe><\/p>\n","protected":false},"excerpt":{"rendered":"<p>Sudija za istragu Osnovnog suda u Podgorici nije produ\u017eio pritvor biv\u0161em dugogodi\u0161njem slu\u017ebeniku Ministarstva inostranih poslova Crne Gore Radomiru Sekulovi\u0107u, potvr\u0111eno je TVCG.<\/p>\n","protected":false},"author":1,"featured_media":354932,"comment_status":"open","ping_status":"closed","sticky":false,"template":"","format":"standard","meta":{"_seopress_robots_primary_cat":"","_seopress_titles_title":"","_seopress_titles_desc":"","_seopress_robots_index":"","_et_pb_use_builder":"","_et_pb_old_content":"","_et_gb_content_width":"","inline_featured_image":false,"footnotes":""},"categories":[14],"tags":[],"class_list":["post-356415","post","type-post","status-publish","format-standard","has-post-thumbnail","hentry","category-vijesti"],"_links":{"self":[{"href":"https:\/\/www.pcnen.com\/portal\/wp-json\/wp\/v2\/posts\/356415","targetHints":{"allow":["GET"]}}],"collection":[{"href":"https:\/\/www.pcnen.com\/portal\/wp-json\/wp\/v2\/posts"}],"about":[{"href":"https:\/\/www.pcnen.com\/portal\/wp-json\/wp\/v2\/types\/post"}],"author":[{"embeddable":true,"href":"https:\/\/www.pcnen.com\/portal\/wp-json\/wp\/v2\/users\/1"}],"replies":[{"embeddable":true,"href":"https:\/\/www.pcnen.com\/portal\/wp-json\/wp\/v2\/comments?post=356415"}],"version-history":[{"count":1,"href":"https:\/\/www.pcnen.com\/portal\/wp-json\/wp\/v2\/posts\/356415\/revisions"}],"predecessor-version":[{"id":356416,"href":"https:\/\/www.pcnen.com\/portal\/wp-json\/wp\/v2\/posts\/356415\/revisions\/356416"}],"wp:featuredmedia":[{"embeddable":true,"href":"https:\/\/www.pcnen.com\/portal\/wp-json\/wp\/v2\/media\/354932"}],"wp:attachment":[{"href":"https:\/\/www.pcnen.com\/portal\/wp-json\/wp\/v2\/media?parent=356415"}],"wp:term":[{"taxonomy":"category","embeddable":true,"href":"https:\/\/www.pcnen.com\/portal\/wp-json\/wp\/v2\/categories?post=356415"},{"taxonomy":"post_tag","embeddable":true,"href":"https:\/\/www.pcnen.com\/portal\/wp-json\/wp\/v2\/tags?post=356415"}],"curies":[{"name":"wp","href":"https:\/\/api.w.org\/{rel}","templated":true}]}}