{"id":356397,"date":"2022-10-02T12:37:43","date_gmt":"2022-10-02T10:37:43","guid":{"rendered":"https:\/\/www.pcnen.com\/portal\/?p=356397"},"modified":"2022-10-02T12:37:43","modified_gmt":"2022-10-02T10:37:43","slug":"mitropolit-joanikije-rusenje-lovcenske-kapele-zli-cin-nasilja","status":"publish","type":"post","link":"https:\/\/www.pcnen.com\/portal\/2022\/10\/02\/mitropolit-joanikije-rusenje-lovcenske-kapele-zli-cin-nasilja\/","title":{"rendered":"Mitropolit Joanikije: Ru\u0161enje lov\u0107enske kapele zli \u010din nasilja"},"content":{"rendered":"<p>Obra\u0107aju\u0107i se prisutnima na sve\u010danoj akademiji koju je Crkvena op\u0161tina Kotor organizovala povodom 50 godina od po\u010detka gradnje crkve na Pr\u010danju i 40 godina njenog osve\u0107enja, mitropolit je kazao da kada s druge strane pogledamo kao hri\u0161\u0107ani i vjeruju\u0107i ljudi, mo\u017eemo re\u0107i da se kapela \u201c\u017ertvovala, da se na nebo vaznijela, da ona \u017eivi novim \u017eivotom i djeluje sa neba\u201d.<\/p>\n<p>\u201cMi, kada njegujemo sje\u0107anje na lov\u0107ensku kapelu, i kada slavimo njeno novo dejstvo kroz crkvu na Pr\u010danju, gledamo na ostalih 20 kapela koje su podignute po Crnoj Gori i \u0161irom srpskih zemalja i dijaspore, mi dakle blagodarimo i osje\u0107amo se po\u010dastvovanim \u0161to smo u dru\u0161tvu onih koji su u vrijeme komunisti\u010dkog terora bili na strani istine, na strani crkve, Njego\u0161a i njegove zavjetne kapele. Izvr\u0161en je dakle zli \u010din nasilja, ali moralna pobjeda je bila na strani crkve i svih oni koji su stali u odbranu kapele\u201d, rekao je mitropolit Joanikije dodaju\u0107i da je ta neravnopravna borba u tom vremenu, bila veoma va\u017ena, jer je, ka\u017ee, bila najja\u010di otpor komunisti\u010dkoj vlasti poslije 1945. godine.<\/p>\n<p>\u201cAli ta borba za nas je i danas veoma va\u017ena. Borba za crkvu od tog vremena ne prestaje , ako dublje gledamo od doba Isusa Hrista na\u0161eg spasitelja, sva istorija je u znaku borbe za crkvu. Slava Bogu \u0161to smo i ve\u010deras ovdje sabrani u to ime, u ime svetinje, \u010dasti, imena, obraza i pam\u0107enja. Daj Bo\u017ee da nas sje\u0107anje na Njego\u0161a, njegov amanet i djelo, sabira i sna\u017ei da idemo putem Hristovim, putem Svetog Save, Svetog Petra Cetinjskog, Svetog Vasilija Ostro\u0161kog i Svetog Petra Drugog Lov\u0107enskog tajnovidca\u201d, poru\u010dio je mitropolit Joanikije.<\/p>\n","protected":false},"excerpt":{"rendered":"<p>Ru\u0161enje lov\u0107enske kapele, ga\u017eenje Njego\u0161evog amaneta i skrnavljenje njegovog groba je zli \u010din nasilja i znak velike nesre\u0107e za Crnu Goru, poru\u010dio je u Kotoru mitropolit crnogorsko primorski Joanikije.<\/p>\n","protected":false},"author":1,"featured_media":320794,"comment_status":"open","ping_status":"closed","sticky":false,"template":"","format":"standard","meta":{"_seopress_robots_primary_cat":"","_seopress_titles_title":"","_seopress_titles_desc":"","_seopress_robots_index":"","_et_pb_use_builder":"","_et_pb_old_content":"","_et_gb_content_width":"","inline_featured_image":false,"footnotes":""},"categories":[14],"tags":[],"class_list":["post-356397","post","type-post","status-publish","format-standard","has-post-thumbnail","hentry","category-vijesti"],"_links":{"self":[{"href":"https:\/\/www.pcnen.com\/portal\/wp-json\/wp\/v2\/posts\/356397","targetHints":{"allow":["GET"]}}],"collection":[{"href":"https:\/\/www.pcnen.com\/portal\/wp-json\/wp\/v2\/posts"}],"about":[{"href":"https:\/\/www.pcnen.com\/portal\/wp-json\/wp\/v2\/types\/post"}],"author":[{"embeddable":true,"href":"https:\/\/www.pcnen.com\/portal\/wp-json\/wp\/v2\/users\/1"}],"replies":[{"embeddable":true,"href":"https:\/\/www.pcnen.com\/portal\/wp-json\/wp\/v2\/comments?post=356397"}],"version-history":[{"count":1,"href":"https:\/\/www.pcnen.com\/portal\/wp-json\/wp\/v2\/posts\/356397\/revisions"}],"predecessor-version":[{"id":356398,"href":"https:\/\/www.pcnen.com\/portal\/wp-json\/wp\/v2\/posts\/356397\/revisions\/356398"}],"wp:featuredmedia":[{"embeddable":true,"href":"https:\/\/www.pcnen.com\/portal\/wp-json\/wp\/v2\/media\/320794"}],"wp:attachment":[{"href":"https:\/\/www.pcnen.com\/portal\/wp-json\/wp\/v2\/media?parent=356397"}],"wp:term":[{"taxonomy":"category","embeddable":true,"href":"https:\/\/www.pcnen.com\/portal\/wp-json\/wp\/v2\/categories?post=356397"},{"taxonomy":"post_tag","embeddable":true,"href":"https:\/\/www.pcnen.com\/portal\/wp-json\/wp\/v2\/tags?post=356397"}],"curies":[{"name":"wp","href":"https:\/\/api.w.org\/{rel}","templated":true}]}}