{"id":356389,"date":"2022-10-02T10:02:15","date_gmt":"2022-10-02T08:02:15","guid":{"rendered":"https:\/\/www.pcnen.com\/portal\/?p=356389"},"modified":"2022-10-02T10:02:15","modified_gmt":"2022-10-02T08:02:15","slug":"knezevic-ostalo-je-jos-da-milosevic-pozdravi-svoje-hapsenje","status":"publish","type":"post","link":"https:\/\/www.pcnen.com\/portal\/2022\/10\/02\/knezevic-ostalo-je-jos-da-milosevic-pozdravi-svoje-hapsenje\/","title":{"rendered":"Kne\u017eevi\u0107: Ostalo je jo\u0161 da Milo\u0161evi\u0107 pozdravi svoje hap\u0161enje"},"content":{"rendered":"<blockquote class=\"twitter-tweet\">\n<p dir=\"ltr\" lang=\"sr\">\u0417\u043d\u0430\u0447\u0438: \u0420\u0430\u0448\u043a\u043e \u043f\u043e\u0437\u0434\u0440\u0430\u0432\u0459\u0430 \u0445\u0430\u043f\u0448\u0435\u045a\u0435 \u0420\u0430\u0434\u0430 \u041c\u0438\u043b\u043e\u0448\u0435\u0432\u0438\u045b\u0430, \u0414\u0440\u0438\u0442\u0430\u043d \u043f\u043e\u0437\u0434\u0440\u0430\u0432\u0459\u0430 \u0445\u0430\u043f\u0448\u0435\u045a\u0435 \u0420\u0430\u0434\u0430 \u041c\u0438\u043b\u043e\u0448\u0435\u0432\u0438\u045b\u0430, \u0424\u0438\u043b\u0438\u043f \u043f\u043e\u0437\u0434\u0440\u0430\u0432\u0459\u0430 \u0445\u0430\u043f\u0448\u0435\u045a\u0435 \u0420\u0430\u0434\u0430 \u041c\u0438\u043b\u043e\u0448\u0435\u0432\u0438\u045b\u0430\u2026\u041e\u0441\u0442\u0430\u043b\u043e \u0458\u0435 \u0434\u0430 \u0434\u0430\u043d\u0430\u0441 \u0438 \u0420\u0430\u0434\u0435 \u043f\u043e\u0437\u0434\u0440\u0430\u0432\u0438 \u0441\u0432\u043e\u0458\u0435 \u0445\u0430\u043f\u0448\u0435\u045a\u0435, \u043f\u0430 \u0434\u0430 \u0438\u0441\u043f\u0443\u0448\u0438\u043c\u043e \u043f\u043e \u0458\u0435\u0434\u043d\u0443.<br \/>\n\u0418 \u043f\u043e\u0441\u043b\u0435 \u0441\u0435 \u0447\u0443\u0434\u0438\u043c\u043e \u0448\u0442\u043e \u043d\u0435\u0443\u0440\u043e\u043f\u0441\u0438\u0445\u0438\u0458\u0430\u0442\u0440\u0438 \u043d\u0430\u043f\u0443\u0448\u0442\u0430\u0458\u0443 \u0426\u0440\u043d\u0443 \u0413\u043e\u0440\u0443.<\/p>\n<p>\u2014 Milan Kne\u017eevi\u0107 (@MilanKnezevic80) <a href=\"https:\/\/twitter.com\/MilanKnezevic80\/status\/1576469875589255169?ref_src=twsrc%5Etfw\">October 2, 2022<\/a><\/p><\/blockquote>\n<p><script async src=\"https:\/\/platform.twitter.com\/widgets.js\" charset=\"utf-8\"><\/script><\/p>\n","protected":false},"excerpt":{"rendered":"<p>Jedan od lidera Demokratskog fronta i predsjednik skup\u0161tinskog Odbora za bezbjednost i odbranu, Milan Kne\u017eevi\u0107, prokomentarisao je hap\u0161enje direktora Uprave prihoda i carina Rada Milo\u0161evi\u0107a.<\/p>\n","protected":false},"author":1,"featured_media":293877,"comment_status":"open","ping_status":"closed","sticky":false,"template":"","format":"standard","meta":{"_seopress_robots_primary_cat":"","_seopress_titles_title":"","_seopress_titles_desc":"","_seopress_robots_index":"","_et_pb_use_builder":"","_et_pb_old_content":"","_et_gb_content_width":"","inline_featured_image":false,"footnotes":""},"categories":[14],"tags":[],"class_list":["post-356389","post","type-post","status-publish","format-standard","has-post-thumbnail","hentry","category-vijesti"],"_links":{"self":[{"href":"https:\/\/www.pcnen.com\/portal\/wp-json\/wp\/v2\/posts\/356389","targetHints":{"allow":["GET"]}}],"collection":[{"href":"https:\/\/www.pcnen.com\/portal\/wp-json\/wp\/v2\/posts"}],"about":[{"href":"https:\/\/www.pcnen.com\/portal\/wp-json\/wp\/v2\/types\/post"}],"author":[{"embeddable":true,"href":"https:\/\/www.pcnen.com\/portal\/wp-json\/wp\/v2\/users\/1"}],"replies":[{"embeddable":true,"href":"https:\/\/www.pcnen.com\/portal\/wp-json\/wp\/v2\/comments?post=356389"}],"version-history":[{"count":1,"href":"https:\/\/www.pcnen.com\/portal\/wp-json\/wp\/v2\/posts\/356389\/revisions"}],"predecessor-version":[{"id":356390,"href":"https:\/\/www.pcnen.com\/portal\/wp-json\/wp\/v2\/posts\/356389\/revisions\/356390"}],"wp:featuredmedia":[{"embeddable":true,"href":"https:\/\/www.pcnen.com\/portal\/wp-json\/wp\/v2\/media\/293877"}],"wp:attachment":[{"href":"https:\/\/www.pcnen.com\/portal\/wp-json\/wp\/v2\/media?parent=356389"}],"wp:term":[{"taxonomy":"category","embeddable":true,"href":"https:\/\/www.pcnen.com\/portal\/wp-json\/wp\/v2\/categories?post=356389"},{"taxonomy":"post_tag","embeddable":true,"href":"https:\/\/www.pcnen.com\/portal\/wp-json\/wp\/v2\/tags?post=356389"}],"curies":[{"name":"wp","href":"https:\/\/api.w.org\/{rel}","templated":true}]}}