{"id":356381,"date":"2022-10-02T08:41:07","date_gmt":"2022-10-02T06:41:07","guid":{"rendered":"https:\/\/www.pcnen.com\/portal\/?p=356381"},"modified":"2022-10-02T08:42:05","modified_gmt":"2022-10-02T06:42:05","slug":"konjevic-nije-rade-palio-sam","status":"publish","type":"post","link":"https:\/\/www.pcnen.com\/portal\/2022\/10\/02\/konjevic-nije-rade-palio-sam\/","title":{"rendered":"Konjevi\u0107: Nije Rade palio sam"},"content":{"rendered":"<p>&#8220;Nije rade &#8216;palio&#8217; sam\u2026. Dje je solidarnost\u2026 &#8216;Ni po babu ni po stricevima&#8217;, napisao je Konjevi\u0107 na Tviteru pominju\u0107i premijera Dritara Abazovi\u0107a.<\/p>\n<p>Direktor Uprave prihoda i carina Rade Milo\u0161evi\u0107 uhap\u0161en je u akciji Specijalnog policijskog odjeljenja po nalogu SDT-a, zbog sumnje da je bio u organizovanom lancu koji je krao i \u0161vercovao dio cigareta, koje je dr\u017eava ljetos zaplijenila u Slobodnoj carinskoj zoni Luke Bar.<\/p>\n<blockquote class=\"twitter-tweet\">\n<p dir=\"ltr\" lang=\"und\">Nije rade \u201cpalio\u201d sam\u2026. Dje je solidarnost\u2026 \u201cNi po babu ni po stricevima\u201d <a href=\"https:\/\/twitter.com\/DritanAbazovic?ref_src=twsrc%5Etfw\">@DritanAbazovic<\/a> <a href=\"https:\/\/t.co\/2RCmed3dlK\">pic.twitter.com\/2RCmed3dlK<\/a><\/p>\n<p>\u2014 Rasko Konjevic (@raskokonjevic) <a href=\"https:\/\/twitter.com\/raskokonjevic\/status\/1576334025823641600?ref_src=twsrc%5Etfw\">October 1, 2022<\/a><\/p><\/blockquote>\n<blockquote class=\"wp-embedded-content\" data-secret=\"1WOAfhO5ht\"><p><a href=\"https:\/\/www.pcnen.com\/portal\/2022\/10\/02\/uhapsen-rade-milosevic-sef-uprave-prihoda-i-carina\/\">Uhap\u0161en Rade Milo\u0161evi\u0107, \u0161ef Uprave prihoda i carina<\/a><\/p><\/blockquote>\n<p><iframe loading=\"lazy\" class=\"wp-embedded-content\" sandbox=\"allow-scripts\" security=\"restricted\" style=\"position: absolute; clip: rect(1px, 1px, 1px, 1px);\" title=\"&#8220;Uhap\u0161en Rade Milo\u0161evi\u0107, \u0161ef Uprave prihoda i carina&#8221; &#8212; PCNEN\" src=\"https:\/\/www.pcnen.com\/portal\/2022\/10\/02\/uhapsen-rade-milosevic-sef-uprave-prihoda-i-carina\/embed\/#?secret=KbXSSpxPmX#?secret=1WOAfhO5ht\" data-secret=\"1WOAfhO5ht\" width=\"600\" height=\"338\" frameborder=\"0\" marginwidth=\"0\" marginheight=\"0\" scrolling=\"no\"><\/iframe><\/p>\n","protected":false},"excerpt":{"rendered":"<p>Ministar odbrane i potpredsjednik Vlade Ra\u0161ko Konjevi\u0107 komentarisao je na Tviteru hap\u0161enje direktor Uprave prihoda i carina Rade Milo\u0161evi\u0107.<\/p>\n","protected":false},"author":1,"featured_media":0,"comment_status":"open","ping_status":"closed","sticky":false,"template":"","format":"standard","meta":{"_seopress_robots_primary_cat":"","_seopress_titles_title":"","_seopress_titles_desc":"","_seopress_robots_index":"","_et_pb_use_builder":"","_et_pb_old_content":"","_et_gb_content_width":"","inline_featured_image":false,"footnotes":""},"categories":[14],"tags":[],"class_list":["post-356381","post","type-post","status-publish","format-standard","hentry","category-vijesti"],"_links":{"self":[{"href":"https:\/\/www.pcnen.com\/portal\/wp-json\/wp\/v2\/posts\/356381","targetHints":{"allow":["GET"]}}],"collection":[{"href":"https:\/\/www.pcnen.com\/portal\/wp-json\/wp\/v2\/posts"}],"about":[{"href":"https:\/\/www.pcnen.com\/portal\/wp-json\/wp\/v2\/types\/post"}],"author":[{"embeddable":true,"href":"https:\/\/www.pcnen.com\/portal\/wp-json\/wp\/v2\/users\/1"}],"replies":[{"embeddable":true,"href":"https:\/\/www.pcnen.com\/portal\/wp-json\/wp\/v2\/comments?post=356381"}],"version-history":[{"count":2,"href":"https:\/\/www.pcnen.com\/portal\/wp-json\/wp\/v2\/posts\/356381\/revisions"}],"predecessor-version":[{"id":356383,"href":"https:\/\/www.pcnen.com\/portal\/wp-json\/wp\/v2\/posts\/356381\/revisions\/356383"}],"wp:attachment":[{"href":"https:\/\/www.pcnen.com\/portal\/wp-json\/wp\/v2\/media?parent=356381"}],"wp:term":[{"taxonomy":"category","embeddable":true,"href":"https:\/\/www.pcnen.com\/portal\/wp-json\/wp\/v2\/categories?post=356381"},{"taxonomy":"post_tag","embeddable":true,"href":"https:\/\/www.pcnen.com\/portal\/wp-json\/wp\/v2\/tags?post=356381"}],"curies":[{"name":"wp","href":"https:\/\/api.w.org\/{rel}","templated":true}]}}