{"id":356369,"date":"2022-10-01T22:06:49","date_gmt":"2022-10-01T20:06:49","guid":{"rendered":"https:\/\/www.pcnen.com\/portal\/?p=356369"},"modified":"2022-10-01T22:06:49","modified_gmt":"2022-10-01T20:06:49","slug":"abazovic-dukanovic-svoju-politicku-bratiju-brani-optuzujuci-druge","status":"publish","type":"post","link":"https:\/\/www.pcnen.com\/portal\/2022\/10\/01\/abazovic-dukanovic-svoju-politicku-bratiju-brani-optuzujuci-druge\/","title":{"rendered":"Abazovi\u0107: \u0110ukanovi\u0107 svoju politi\u010dku bratiju brani optu\u017euju\u0107i druge"},"content":{"rendered":"<p>\u201eJa ne\u0107u re\u0107i da iza \u0110ukanovi\u0107a stoje super sile ve\u0107 da iza njega stoji organizovani kriminal. \u0110ukanovi\u0107u ne ostaje ni\u0161ta drugo nego da svoju politi\u010dku bratiju brani optu\u017euju\u0107i druge da napadaju dr\u017eavne interese. Svakako, mi \u0107emo nastaviti i suzbija\u0107emo sve nelegalne aktivnosti u Crnoj Gori \u010duvaju\u0107i njen interes, a \u0110ukanovi\u0107 i ekipa se u tome vi\u0161e ne mogu prepoznati\u201c, kazao je Abazovi\u0107.<\/p>\n<p>\u201eSvi u me\u0111unarodnoj zajednici znaju da je \u0110ukanovi\u0107 povezan sa organizovanim kriminalom, ako poku\u0161a ne\u0161to radikalno parlamentarna ve\u0107ina \u0107e adekvatno odgovoriti\u201c<\/p>\n<p>Logi\u010dan je slijed doga\u0111aja smjena Mila \u0110ukanovi\u0107a i logi\u010dno je da inicijativa o skra\u0107enju mandata Skup\u0161tine Crne Gore nije dobila podr\u0161ku.<\/p>\n<p>\u201eTo njega nervira. On ne vodi procese u Crnoj Gori i to je dobro. Mi smo imali 41 glas oko rebalansa i time smo konstituisali ve\u0107inu. Imamo i dalje aktivnu poziciju vezanu za predlog novog mandatara. Ako \u0110ukanovi\u0107 \u017eeli da se slu\u017ei Ustavom, on treba da da mandat. On je iskoristio u ovom momentu jednu od mogu\u0107nosti \u2013 ili da predlo\u017ei mandatara ili da predlo\u017ei skra\u0107enje. On je uradio drugo. A opet postoji druga solucija\u201c, podvla\u010di Abazovi\u0107.<\/p>\n<p>\u0110ukanovi\u0107, da je mogao da raspusti Skup\u0161tinu, davno bi je raspustio, kazao je Abazovi\u0107 i dodao da \u0110ukanovi\u0107 vi\u0161e ne mo\u017ee da uzurpira vlast.<\/p>\n<p>\u201eMi treba da delegitimi\u0161emo njegovu poziciju ako on nastavi da uporno odbija da da mandat. Moj apel je da izaberemo \u010detvoro sudija Ustavnog suda, odblokiramo taj proces i da sa\u010dekamo u ovih mjesec dana da se rasplete ovaj galimatijas. Ukoliko \u0110ukanovi\u0107 povu\u010de neki radikalan potez, onda on legitimi\u0161e i nas da kao parlamentarna ve\u0107ina reagujemo\u201c, nagla\u0161ava Abazovi\u0107.<\/p>\n<p>Premijer u tehni\u010dkom mandatu podvla\u010di da je mandat predsjednika jo\u0161 \u0161est mjeseci a Parlamentu jo\u0161 dvije godine i da ne mo\u017ee iz te pozicije delegitimisati Parlament.<\/p>\n<p>\u201eMi \u0107emo odgovoriti ako poku\u0161a. Dok god nas je 41, sve je ok. Dok god imamo Vladu, pa i u tehni\u010dkom mandatu. \u0110ukanovi\u0107 je u ofanzivi i zbog toga ta retorika. Uskoro \u0107e predsjedni\u010dki izbori\u201c, kazao je Abazovi\u0107.<\/p>\n<p>Kako navodi lider URE, da je \u0110ukanovi\u0107 htio da poslu\u0161a savjete, odavno bi bio penzionisan, a njegova trenutna politika vodi do kraha.<\/p>\n<p>\u201eMe\u0111unarodna zajednica poku\u0161ava da sanira probleme. Malo ljudi zna za crnogorske politi\u010dare osim njega, opet je to 30 godina. Moramo razbistriti tu imaginaciju i u\u010dinimo vidljivim druge politi\u010dke figure. Moji izvori govore da je njegov kredibilitet zna\u010dajno naru\u0161en i mislim da ne postoji relevantna adresa koja za njega ne misli da je \u010dovjek koji je duboko umije\u0161an u organizovani kriminal koji se nije mogao de\u0161avati bez aminovanja dr\u017eavnih organa i da zbog toga ne u\u017eiva kredibilitet koji je u\u017eivao. Vidje\u0107emo ho\u0107e li participirati ili ne, ali svakako kako god bilo, svaki relevantan protivkandidat bi njega mogao da pobijedi\u201c, kazao je Abazovi\u0107.<\/p>\n<p><strong>\u201eSve je po\u010delo Katni\u0107evom smjenom i kada je do\u0161ao tandem Jovanovi\u0107 \u2013 Novovi\u0107\u201c<\/strong><\/p>\n<p>Postoje krivi\u010dne prijave protiv Mila \u0110ukanovi\u0107a, ali i protiv njegovih savjetnika u SDT-u, ka\u017ee Abazovi\u0107 i dodaje da je uvijek pri\u010dao strancima da je nevjerovatno da niko nije znao da se de\u0161ava \u0161verc cigareta u Crnoj Gori do 30. avgusta.<\/p>\n<p>\u201eJe li on bio premijer sedam puta, nosi li politi\u010dku odgovornost? Kako sad odjednom mogu da se zaplijene cigare i da se pale? Kako odjednom? Je li to nova policija? Je li do\u0161lo 1000 novih ljudi u policiji ili carini? Ne, to je politi\u010dka volja, a kad ona postoji ove se stvari de\u0161avaju. On mora imati odgovornost i to svako razumije\u201c, poja\u0161njava Abazovi\u0107.<\/p>\n<p>Kako navodi, sve je po\u010delo smjenom Milivoja Katni\u0107a.<\/p>\n<p>\u201eRad je po\u010deo dolaskom tandema Jovanovi\u0107-Novovi\u0107. Ko je to sedam mjeseci opstruirao nije pitanje za mene, zna se ko je to radio. I ja sam sam po\u0161ao u SDT gdje sam pominjao imena, firme\u2026 Meni je u mojoj agendi trebalo godinu dana da sve skupim. Kada su krenuli da ru\u0161e Vladu zbog \u0161verca cigareta, a ne zbog Temeljnog ugovora, koji ina\u010de niko vi\u0161e ne pominje\u2026. Niko to nije radio. Ista pitanja su za sve administracije. Ja sam sa mjesta premijera po\u0161ao da dam neka saznanja i otvorio mo\u017eda vidike tu\u017eiocima da nastave tim tragom. Dok ne do\u0111emo do toga, mislim da je va\u017eno da spaljujemo njihovu robu jer oni misle da \u0107e mo\u0107i ne\u0161to da spasu. Ako im bude slabila finansijska mo\u0107, slabi i ukupna mo\u0107. To im stvara nelagodu\u201c, podvla\u010di Abazovi\u0107.<\/p>\n<p>\u201e\u0110ukanovi\u0107a ne zanima ko \u0107e biti ministar ve\u0107 ko \u0107e biti vrhovni tu\u017eilac, ako smo ve\u0107 dogovorili da se vra\u0107amo na novu\/staru ve\u0107inu, trebalo je da dogovorimo i naredne poteze\u201c<\/p>\n<p>Mila \u0110ukanovi\u0107a, kako navodi, ne zanima ko \u0107e biti ministar ve\u0107 ko \u0107e biti vrhovni dr\u017eavni tu\u017eilac.<\/p>\n<p>\u201ePominjalo se i ime Nikole Martinovi\u0107a. Oni i dalje misle da \u017eive u vrijeme Verice Mara\u0161, Vesne Medenice, Veselina Vukoti\u0107a, Bla\u017ea Jovani\u0107a\u2026 Oni jo\u0161 \u017eive u tom filmu da kao mogu da hapse. Meni je \u017eao \u0161to je pala Vlada na ovaj na\u010din jer smo mogli prije toga da dogovorimo korake. Ako smo htjeli da budemo nova\/stara ve\u0107ina, mi smo trebali da dogovorimo poteze\u201c, kazao je on.<\/p>\n<p>Abazovi\u0107 tvrdi da je poznata pri\u010da oko Prve banke, da se prodala Elektroprivreda da bi se sa\u010duvala Prva banka.<\/p>\n<p>\u201eSje\u0107ate se pri\u010de Ljubi\u0161e Krgovi\u0107a, guverenera koji je smijenjen zbog Prve banke. Sve se vrti oko jedne porodice. I sad 2022. i dalje treba da budemo taoci toga? Kada bih arbitrirao oko porodice \u0110ukanovi\u0107 izabrao bih Aca \u0110ukanovi\u0107a. On je nakon \u0161to je pala vlast pokupio svoje stvari i po\u0161ao u Luksemburg. I mi sad treba da budemo taoci Mila \u0110ukanovi\u0107a? To se ne\u0107e desiti. Oni ne brane nacionalne interese Crne Gore ve\u0107 samo li\u010dne interese\u201c, precizirao je premijer u tehni\u010dkom mandatu i dodao da njega interesuje samo imunitet.<\/p>\n<p>\u017deli da SDT nastavi sa svojim radom, ali ne\u0107e dozvoliti da druge ljude kriminalizuju, a da sami imaju duboke korijene u organizovanom kriminalom, ka\u017ee Abazovi\u0107 i pita \u0161ta je sa sinom Zorana Lazovi\u0107a i samim Zoranom Lazovi\u0107em, Zvicerom i ostalima.<\/p>\n<p>\u201e\u0110e su ti ljudi bili\u201c, upitao je on.<\/p>\n<p>Ne opravdava bje\u017eanje Ljuba Milovi\u0107a koji je tra\u017eena li\u010dnost zbog transkripta SKY aplikacije, ali ka\u017ee da je otvorena Pandorina kutija i da je va\u017eno da su neki ljudi procesuirani.<\/p>\n<p>Na pitanje voditelja ko je bio na \u017eurkama kod vo\u0111e Kav\u010dana Radoja Zvicera, Abazovi\u0107 nije mogao da precizira ali da jesu neka od imena koje je prethodno pomenuo.<\/p>\n<p>\u201e\u0110ukanovi\u0107 morao da da mandat Leki\u0107u \u2013 kako je Dritanu Abazovi\u0107u dao mandat kad nisam odnio potpise?\u201c<\/p>\n<p>Govore\u0107i o davanju mandata, on je istakao da je \u0110ukanovi\u0107 jmorao da da mandat Miodragu Leki\u0107u.<\/p>\n<p>\u201eNije ta\u010dno da je moralo imati 30 dana. To je moralo biti samo prvi put. Druga stvar, Dritan Abazovi\u0107 nije imao potpise da meni da mandat. \u0110e su mu ti potpisi? On je to dao na osnovu konsultacija. Ko robuje tim 30 dana? Gdje to pi\u0161e? Ne mogu da razumijem. Onda je bio pritisak za\u0161to niste dali potpise \u2013 nema to veze sa tim potpisima. Ni\u0161ta od toga nije kr\u0161enje Ustava. E, kada se da mandat nekom, on ima 90 dana da sastavi Vladu. \u0110ukanovi\u0107 se odlu\u010dio za skra\u0107enje mandata, ali to nije pro\u0161lo. Sad \u0110ukanovi\u0107 mora da da mandat\u201c, kazao je Abazovi\u0107.<\/p>\n<p>Hipoteti\u010dki, \u0110ukanovi\u0107 mo\u017ee dati mandat nekom iz DPS-a, ka\u017ee Abazovi\u0107 i dodaje da su DPS i SDP napravili Ustav jer su mislili da \u0107e vje\u010dno vladati.<\/p>\n<p>\u201eMi smo sad zbog toga u vakuumu plus nemamo Ustavni sud. Mi ne mo\u017eemo uzimati te nadle\u017enosti. Bilo je govora da Ustavni odbor preuzme tu ulogu, ja mislim da to nije dobro. Na njegovo kr\u0161enje Zakona mislim da ne treba da odgovaramo kr\u0161enjem Zakona. Mo\u017eemo i\u0107i u izmjene i dopune postoje\u0107ih zakonskih rje\u0161enja\u201c, tvrdi Abazovi\u0107 i dodaje da postoji varijanta da se postoje\u0107a Vlada rekonstrui\u0161e.<\/p>\n<p>Ako bi govorili oko problematike Ustavnog suda i kako \u0107e na izbore, Abazovi\u0107 nema odgovor ali i dodaje da je to i cilj.<\/p>\n<p>\u201eOni \u017eele destabilizaciju. Ona odgovara ljudima koji \u017eele da izbjegnu pravdu. Ona ne odgovara ni DF-u ni Demokratama ni meni ni nikome. Oni to \u017eele. Da ne bi dozvolili da se osjeti mogu\u0107nost da se stvari mogu destabilizovati, morali smo se dogovorili. Kalkulacije su bile druga\u010dije. Sada imate osje\u0107aj nesigurnosti kod svih\u201c, kazao je on.<\/p>\n<p>Na pitanje jesu li prekr\u0161ili Ustav kada su odlo\u017eili lokalne izbore, \u0161to je Ustavni sud i konstatovao, Abazovi\u0107 ka\u017ee da je to svakako bilo na ivici zakona, ali da je predsjednik raspisivao izbore u sedam dana. Apeluje i da se izabere \u010detvoro sudija Ustavnog suda.<\/p>\n<p>\u201eIzme\u0111u 19 ljudi koji su kandidati sigurno ima ljudi koji se mogu izabrati\u201c, kazao je Abazovi\u0107, a govore\u0107i o pitanju dobijanja stanova, najavljuje da \u0107e biti objavljeno ko je sve dobio stanove.<\/p>\n<p>Navodi da nije sve zakonski pokriveno i da trebamo sa\u010dekati 7-10 dana da vidimo kako \u0107e se institucije ponijeti prema tome.<\/p>\n<p>\u201eSvi koji su dobili stan na legalan na\u010din su neosporni jer tu ima ljudi koji ne \u017eive dobro. Svi koji su dobili na neregularan na\u010din, o\u010dekujem da SDT reaguje, naro\u010dito ka predsjedniku komisije koji je to dozvoljavao\u201c, kazao je Abazovi\u0107.<\/p>\n<p>\u201eBilo izbora ili ne, moramo sara\u0111ivati; Pitanje je koji subjekat je taj koji ne \u017eeli DF u Vladi\u201c<\/p>\n<p>Govore\u0107i o tome je li Abazovi\u0107 kumovao \u0110ukanovi\u0107evoj odluci da ne da mandat Leki\u0107u jer nije dao potpise, Abazovi\u0107 ponavlja da potpisi ni\u0161ta ne zna\u010de.<\/p>\n<p>\u201eDogovor je bio sa Andrijom Mandi\u0107em da va\u017ei princip \u2013 ni\u0161ta nije dogovoreno dok se sve ne dogovori. Mi nismo sve dogovorili, bilo je dileme ko \u0107e uzeti bezbjednosni sektor, a ko vanjsku politiku, a ako bi mi to uradili bili bi nepo\u0161teni prema Miodragu Leki\u0107u jer bi mu dali vru\u0107 krompir. Oni su rekli da je to ucjenjivanje a to je bila ponuda. Nema ucjena. Mislim da to nije nikakav argument. To \u0161to je \u0110ukanovi\u0107 napisao i koordinirao sa nekim ljudima koji nikad nisu htjeli da se dogovore i koji ne \u017eele Demokratski front u Vladi\u2026 Sve se to prevazi\u0161lo. Ja se trudim da budem fleksibilan. Mi svakako moramo sara\u0111ivati. Ne moramo sara\u0111ivati u svim op\u0161tinama, ali ne \u017eelim da zatvaram vrata. \u0160ta je bilo \u2013 bilo je, idemo dalje. Argument \u0110ukanovi\u0107ev, shodno ovome, ne va\u017ei\u201c, precizirao je premijer u tehi\u010dkom mandatu i dodao da vjeruje da se mo\u017ee do\u0107i do 44. Vlade.<\/p>\n<p>Ako ba\u0161 ne bude moglo da do\u0111e do dogovora, Abazovi\u0107 ka\u017ee da u jednom trenutku svakako moramo i\u0107i na izbore i da \u0107e mnogo pomo\u0107i 23. oktobar.<\/p>\n<p>\u201eBi\u0107e pojave novih subjekata i zna\u0107emo kako da se pozicioniramo. \u010cekaju nas i predsjedni\u010dki izbori, mo\u017eda bi dobro bilo da imamo zajedni\u010dkog kandidata, mo\u017eda \u0107e ih biti i 5\u2026 Dilema je ho\u0107e li \u0110ukanovi\u0107 uop\u0161te biti kandidat. Mislim da \u0107e posle nove godine biti bolje, a do tad moramo poku\u0161ati da pro\u0111emo sa \u0161to manje posljedica\u201c, ka\u017ee on.<\/p>\n<p>Na pitanje o hap\u0161enju navodnih ruskih agenata koji su prenosili informacije ruskim slu\u017ebama, Abazovi\u0107 ka\u017ee da u saradnji sa partnerskim slu\u017ebama dijele informacije ko dijeli negativni ruski uticaj.<\/p>\n<p>\u201eOva linija je nagla\u0161ena zbog aktivnosti na tlu Evrope, a mi smo NATO zemlja. Radimo ono do \u010dega dolazimo. Sla\u017eem se da ovdje ima poku\u0161aja da se zanemare neki drugi ljudi koji ugro\u017eavaju nacionalni interes pa i oni koji su kriminalci\u2026 U domenu rada ANB-a moramo se pona\u0161ati profesionalno. Ono \u0161to \u0107e ANB morati da uradi je da prilo\u017ei dokumentaciju za sva lica, kako ruske dr\u017eavljane, tako i za crnogorske dr\u017eavljane. Moramo procesuirati informacije koje dolaze do nas, ali je sve svakako podlo\u017eno provjerama\u201c, kazao je Abazovi\u0107.<\/p>\n<p>Na pitanje kako je mogu\u0107e da su privedeni penzionisani slu\u017ebenik MVP-a i automehani\u010dar kao ruski agent, Abazovi\u0107 ne mo\u017ee da preispituje rad stranaca i dodaje da moramo biti obazrivi \u0161ta izjavljujemo jer je svaka stvar podlo\u017ena monitoringu.<\/p>\n<p>\u201eNemojte da pravimo bauk i da ka\u017eemo da su samo na\u0161e institucije pogrije\u0161ile, a da stranci nisu pogrije\u0161ili. Mogu se slo\u017eiti da ima ne\u0161to \u010dudno u tome ali ne mogu re\u0107i da biv\u0161e ili sada\u0161nje zanimanje nekog \u010dovjeka zna\u010di ne\u0161to oko njegove involviranosti u neke aktivnosti\u201c, kazao je Abazovi\u0107.<\/p>\n<p>Kako premijer u tehni\u010dkom mandatu navodi, ne mo\u017ee se znati za\u0161to Milan Ro\u0107en i Milo \u0110ukanovi\u0107 zbog istog ne odgovaraju.<\/p>\n<p>\u201eVi imate Ra\u0161ka Konjevi\u0107a koji ka\u017ee da nam ne\u0107e biti dobro kad saznamo ko je uhap\u0161en. Jedan \u010dovjek je suprug kandidatkinje sa na\u0161e liste koja je iz Afrike, ali da mi je iz ku\u0107e, ja nemam tu dilemu\u201c, kazao je Abazovi\u0107 i dodao da su to neke nove pojave.<\/p>\n<p>Milan Ro\u0107en, isti taj, je i dan danas savjetnik predsjednika dr\u017eave a ima konekcije sa Rusima. Savjetnici su i Petar Ivanovi\u0107 i Migo Stijepovi\u0107 ka\u017ee Abazovi\u0107 i govori da je to sve plan i da je biv\u0161i direktor ANB-a na optu\u017eeni\u010dkoj klupi.<\/p>\n<p>\u201eCrna Gora je takva. Politi\u010dari poku\u0161avaju da iskoriste kratko pam\u0107enje i govore da je u sektoru bezbjednosti i finansijama haos. A oni su ostavili ba\u0161 kvalitetan bezbjednosni sektor i finansije. Poku\u0161avaju da zama\u017eu o\u010di javnost jeftinim trikovima. Gra\u0111anima moramo ponavljati uvijek da smo u ovoj situaciji zbog njih. Zbog Verice Mara\u0161, Pe\u0111e Bo\u0161kovi\u0107a, Vesne Medenice. Sje\u0107a li se ko Kenana Hrapovi\u0107a? Sje\u0107a li se dogovora Ane Kolarevi\u0107 i Telekoma? Jesmo vlast i ponosan sam \u0161to pri\u010damo javno o svemu, a neka se oni zastide\u201c, kazao je Abazovi\u0107.<\/p>\n<p>Premijer govori da njima ne\u0107e biti dobro kad se ove stvari otkriju.<\/p>\n<p>Abazovi\u0107 ka\u017ee da mu ne smeta \u0161to je Ra\u0161ko Konjevi\u0107 ministar i koordinator bezbjednosnih slu\u017ebi dok se sprovodi politika koja je dobra za Crnu Goru, ali i da su oni shvatili da ne mogu da sprovode svoju politiku i sru\u0161ili Vladu.<\/p>\n<p>\u201eOni su o\u010dekivali da \u0107e napraviti manjinsku Vladu ali \u0107e ovi ljudi da se zadovolje funkcijama i mo\u0107i \u0107e da malo po malo da se vrate na staro. Kad su vidjeli da je to nemogu\u0107e, oni nisu smjeli da ka\u017eu da obaraju Vladu zbog cigareta ve\u0107 su sa\u010dekali sa Crkvom. Niko to ni dan-danas ne mo\u017ee da pomene. Oni su htjeli da to sve bude u oktobru i da budu protesti kako bi se podijelil u dva tabora. Nisam to dozvolio\u201c, podvla\u010di Abazovi\u0107.<\/p>\n<p>Oni su napadali sektor bezbjednosti dok je Abazovi\u0107 bio na \u010delu, tvrdi premijer i dodaje da oni imaju svoje medije \u201eBEMAX-ove korita\u0161e\u201c.<\/p>\n<p>\u201ePitaju me \u0161to ih ne prijavim. Kome? Ja u ovom trenutku nema dokaze da su umije\u0161ani. Za Predraga Bo\u0161kovi\u0107a imam drugu pri\u010du. Vidje\u0107ete\u2026. Ali vidite li \u0161ta oni rade? Oni misle da nemamo kontakte sa ljudima. Poku\u0161avamo preko svojih ljudi da ih sru\u0161imo. Za\u0161to? Zarad ove ekipe koja im prije svega vodi izbore u Podgorici\u201c, podvla\u010di Abazovi\u0107.<\/p>\n","protected":false},"excerpt":{"rendered":"<p>Premijer Dritan Abazovi\u0107 kazao je ve\u010deras gostuju\u0107i TV PRVA da je o\u010dekivano da Milo \u0110ukanovi\u0107 daje izjave o njemu da je ruski i srpski agent i da takve izjave uglavnom daju ljudi koji su na kraju politi\u010dke karijere.<\/p>\n","protected":false},"author":1,"featured_media":342447,"comment_status":"open","ping_status":"closed","sticky":false,"template":"","format":"standard","meta":{"_seopress_robots_primary_cat":"","_seopress_titles_title":"","_seopress_titles_desc":"","_seopress_robots_index":"","_et_pb_use_builder":"","_et_pb_old_content":"","_et_gb_content_width":"","inline_featured_image":false,"footnotes":""},"categories":[14],"tags":[],"class_list":["post-356369","post","type-post","status-publish","format-standard","has-post-thumbnail","hentry","category-vijesti"],"_links":{"self":[{"href":"https:\/\/www.pcnen.com\/portal\/wp-json\/wp\/v2\/posts\/356369","targetHints":{"allow":["GET"]}}],"collection":[{"href":"https:\/\/www.pcnen.com\/portal\/wp-json\/wp\/v2\/posts"}],"about":[{"href":"https:\/\/www.pcnen.com\/portal\/wp-json\/wp\/v2\/types\/post"}],"author":[{"embeddable":true,"href":"https:\/\/www.pcnen.com\/portal\/wp-json\/wp\/v2\/users\/1"}],"replies":[{"embeddable":true,"href":"https:\/\/www.pcnen.com\/portal\/wp-json\/wp\/v2\/comments?post=356369"}],"version-history":[{"count":1,"href":"https:\/\/www.pcnen.com\/portal\/wp-json\/wp\/v2\/posts\/356369\/revisions"}],"predecessor-version":[{"id":356370,"href":"https:\/\/www.pcnen.com\/portal\/wp-json\/wp\/v2\/posts\/356369\/revisions\/356370"}],"wp:featuredmedia":[{"embeddable":true,"href":"https:\/\/www.pcnen.com\/portal\/wp-json\/wp\/v2\/media\/342447"}],"wp:attachment":[{"href":"https:\/\/www.pcnen.com\/portal\/wp-json\/wp\/v2\/media?parent=356369"}],"wp:term":[{"taxonomy":"category","embeddable":true,"href":"https:\/\/www.pcnen.com\/portal\/wp-json\/wp\/v2\/categories?post=356369"},{"taxonomy":"post_tag","embeddable":true,"href":"https:\/\/www.pcnen.com\/portal\/wp-json\/wp\/v2\/tags?post=356369"}],"curies":[{"name":"wp","href":"https:\/\/api.w.org\/{rel}","templated":true}]}}