{"id":356363,"date":"2022-10-01T21:35:03","date_gmt":"2022-10-01T19:35:03","guid":{"rendered":"https:\/\/www.pcnen.com\/portal\/?p=356363"},"modified":"2022-10-01T21:36:51","modified_gmt":"2022-10-01T19:36:51","slug":"dukanovic-moguc-samo-jedan-scenario-video","status":"publish","type":"post","link":"https:\/\/www.pcnen.com\/portal\/2022\/10\/01\/dukanovic-moguc-samo-jedan-scenario-video\/","title":{"rendered":"\u0110ukanovi\u0107: Mogu\u0107 samo jedan scenario&#8230;(video)"},"content":{"rendered":"<p>Na Tviteru Glasa Amerike objavljen je isje\u010dak iz intervjua.<\/p>\n<p>&#8220;Ono \u0161to je definitivno na raspolaganju ne samo predsjedniku nego i grupi od najmanje 25 poslanika je da obnavlja inicijativu prema parlamentu za skra\u0107enje mandata.<\/p>\n<p>Nastavi\u0107emo sa raznim inicijativama, uvijek strogo vode\u0107i ra\u010duna o po\u0161tovanju Ustava, a rekao bih da je mogu\u0107 samo jedan scenario &#8211; odr\u017eavanje prijevremenih parlamentarnih izbora.<\/p>\n<p>Ideje koje se predla\u017eu od strane aktuelne parlamentarne ve\u0107ine, a to je da se vratimo ponovnom razmatranju kandidature predlo\u017eenog mandatara, te ideje su definitivno neustavne. Tako da nadam se da ovo nije finalan stav aktuelnog parlamenta. Postoji mogu\u0107nost da se ova inicijativa koju sam ja testirao ju\u010de u parlamentu obnavlja&#8221;, kazao je \u0110ukanovi\u0107.<\/p>\n<p>&nbsp;<\/p>\n<blockquote class=\"twitter-tweet\">\n<p dir=\"ltr\" lang=\"und\">Kako <a href=\"https:\/\/twitter.com\/predsjednik_cg?ref_src=twsrc%5Etfw\">@predsjednik_cg<\/a> \ud83c\uddf2\ud83c\uddea predsednik vidi izlaz iz trenutne politi\u010dke krize i koje bi bile opcije za to&#8230;<\/p>\n<p>O tome, ali i brojnim drugim temama \ud83d\udcc3\u010ditajte i gledajte u ekskluzivnom intervjuu \ud83c\udf99\ud83c\udfa5 sa njim na \ud83d\udd17 <a href=\"https:\/\/t.co\/ObE18lSWBm\">https:\/\/t.co\/ObE18lSWBm<\/a> i na\u0161im \ud83d\udda5\ud83d\udcf1dru\u0161tvenim mre\u017eama. <a href=\"https:\/\/t.co\/7eKIWGp2dj\">pic.twitter.com\/7eKIWGp2dj<\/a><\/p>\n<p>\u2014 Glas Amerike VOA (@GlasAmerikeVOA) <a href=\"https:\/\/twitter.com\/GlasAmerikeVOA\/status\/1576283052111646720?ref_src=twsrc%5Etfw\">October 1, 2022<\/a><\/p><\/blockquote>\n<p><script async src=\"https:\/\/platform.twitter.com\/widgets.js\" charset=\"utf-8\"><\/script><\/p>\n","protected":false},"excerpt":{"rendered":"<p>Predsjednik Crne Gore Milo \u0110ukanovi\u0107 govorio je u intervjuu za Glas Amerike o politi\u010dkoj krizi, opcijama za izlazak iz nje, procesu integracija u EU, kao i nedavnim privo\u0111enjima, zabranama ulaska i uskra\u0107ivanju boravka stranim dr\u017eavljanima u Crnoj Gori.<\/p>\n","protected":false},"author":1,"featured_media":0,"comment_status":"open","ping_status":"closed","sticky":false,"template":"","format":"standard","meta":{"_seopress_robots_primary_cat":"","_seopress_titles_title":"","_seopress_titles_desc":"","_seopress_robots_index":"","_et_pb_use_builder":"","_et_pb_old_content":"","_et_gb_content_width":"","inline_featured_image":false,"footnotes":""},"categories":[14],"tags":[],"class_list":["post-356363","post","type-post","status-publish","format-standard","hentry","category-vijesti"],"_links":{"self":[{"href":"https:\/\/www.pcnen.com\/portal\/wp-json\/wp\/v2\/posts\/356363","targetHints":{"allow":["GET"]}}],"collection":[{"href":"https:\/\/www.pcnen.com\/portal\/wp-json\/wp\/v2\/posts"}],"about":[{"href":"https:\/\/www.pcnen.com\/portal\/wp-json\/wp\/v2\/types\/post"}],"author":[{"embeddable":true,"href":"https:\/\/www.pcnen.com\/portal\/wp-json\/wp\/v2\/users\/1"}],"replies":[{"embeddable":true,"href":"https:\/\/www.pcnen.com\/portal\/wp-json\/wp\/v2\/comments?post=356363"}],"version-history":[{"count":3,"href":"https:\/\/www.pcnen.com\/portal\/wp-json\/wp\/v2\/posts\/356363\/revisions"}],"predecessor-version":[{"id":356366,"href":"https:\/\/www.pcnen.com\/portal\/wp-json\/wp\/v2\/posts\/356363\/revisions\/356366"}],"wp:attachment":[{"href":"https:\/\/www.pcnen.com\/portal\/wp-json\/wp\/v2\/media?parent=356363"}],"wp:term":[{"taxonomy":"category","embeddable":true,"href":"https:\/\/www.pcnen.com\/portal\/wp-json\/wp\/v2\/categories?post=356363"},{"taxonomy":"post_tag","embeddable":true,"href":"https:\/\/www.pcnen.com\/portal\/wp-json\/wp\/v2\/tags?post=356363"}],"curies":[{"name":"wp","href":"https:\/\/api.w.org\/{rel}","templated":true}]}}