{"id":356355,"date":"2022-10-01T18:33:05","date_gmt":"2022-10-01T16:33:05","guid":{"rendered":"https:\/\/www.pcnen.com\/portal\/?p=356355"},"modified":"2022-10-01T18:33:05","modified_gmt":"2022-10-01T16:33:05","slug":"enfast-i-europol-pokrenuli-kampanju-najtrazeniji-u-eu-2022","status":"publish","type":"post","link":"https:\/\/www.pcnen.com\/portal\/2022\/10\/01\/enfast-i-europol-pokrenuli-kampanju-najtrazeniji-u-eu-2022\/","title":{"rendered":"ENFAST i Europol pokrenuli kampanju \u2018Najtra\u017eeniji u EU\u2019 2022."},"content":{"rendered":"<p>Te osobe su \u010dlanovi organizovanih kriminalnih grupa. Me\u0111u njima su i pripadnici crnogorskih klanova.<\/p>\n<p>\u201cOve godine na web stranicu postavljeno je preko pedeset profila bjegunaca povezanih sa organizovanim kriminalnim grupama. Svi kriminalci u ovogodi\u0161njoj kampanji tra\u017ee se zbog te\u0161kih zlo\u010dina u Evropi kao \u0161to su ubistvo, trgovina ljudima, oru\u017eana plja\u010dka i terorizam, izme\u0111u ostalih krivi\u010dnih djela\u201d, <a href=\"https:\/\/eumostwanted.eu\/\">poja\u0161njeno je iz Europola.<\/a><\/p>\n<p>\u201eKriminalne mre\u017ee se sastoje od razli\u010ditih aktera koji sprovode niz nezakonitih aktivnosti. Ove mre\u017ee pro\u017eimaju dru\u0161tvo i privredu, sa klju\u010dnim operativcima na svim nivoima koji \u0161ire svoje pipke u preduze\u0107a, pa \u010dak i dr\u017eavne institucije. Agencije za provo\u0111enje zakona \u0161irom Evrope sa\u010dinile su listu najopasnijih kriminalaca za najnoviju listu najtra\u017eenijih u EU. Identifikacijom bjegunaca sa ove liste, cijela mre\u017ea bi se mogla uru\u0161iti kao ku\u0107a od karata. ENFAST-u i Europolu potrebna je pomo\u0107 gra\u0111ana EU kako bi Evropu u\u010dinili sigurnijom tako \u0161to \u0107e provjeriti ovu listu i vidjeti prepoznajete li nekog od ovih bjegunaca. Ako to u\u010dinite, po\u0161aljite nam anonimnu dojavu i lokalne policijske snage \u0107e se javiti. Va\u0161 savjet bi mogao biti informacija koja nedostaje koja bi najtra\u017eenije kriminalce u EU stavljala iza re\u0161etaka\u201d, poruka je Europola.<\/p>\n","protected":false},"excerpt":{"rendered":"<p>Evropska mre\u017ea timova za aktivno tra\u017eenje bjegunaca (ENFAST), podr\u017eana od strane Europola, pokrenula je kampanju \u201eNajtra\u017eeniji u EU\u201c 2022. kako bi se fokusirala na osumnji\u010dene za kojima se traga \u0161irom Evrope.<\/p>\n","protected":false},"author":1,"featured_media":0,"comment_status":"open","ping_status":"closed","sticky":false,"template":"","format":"standard","meta":{"_seopress_robots_primary_cat":"","_seopress_titles_title":"","_seopress_titles_desc":"","_seopress_robots_index":"","_et_pb_use_builder":"","_et_pb_old_content":"","_et_gb_content_width":"","inline_featured_image":false,"footnotes":""},"categories":[14],"tags":[],"class_list":["post-356355","post","type-post","status-publish","format-standard","hentry","category-vijesti"],"_links":{"self":[{"href":"https:\/\/www.pcnen.com\/portal\/wp-json\/wp\/v2\/posts\/356355","targetHints":{"allow":["GET"]}}],"collection":[{"href":"https:\/\/www.pcnen.com\/portal\/wp-json\/wp\/v2\/posts"}],"about":[{"href":"https:\/\/www.pcnen.com\/portal\/wp-json\/wp\/v2\/types\/post"}],"author":[{"embeddable":true,"href":"https:\/\/www.pcnen.com\/portal\/wp-json\/wp\/v2\/users\/1"}],"replies":[{"embeddable":true,"href":"https:\/\/www.pcnen.com\/portal\/wp-json\/wp\/v2\/comments?post=356355"}],"version-history":[{"count":1,"href":"https:\/\/www.pcnen.com\/portal\/wp-json\/wp\/v2\/posts\/356355\/revisions"}],"predecessor-version":[{"id":356357,"href":"https:\/\/www.pcnen.com\/portal\/wp-json\/wp\/v2\/posts\/356355\/revisions\/356357"}],"wp:attachment":[{"href":"https:\/\/www.pcnen.com\/portal\/wp-json\/wp\/v2\/media?parent=356355"}],"wp:term":[{"taxonomy":"category","embeddable":true,"href":"https:\/\/www.pcnen.com\/portal\/wp-json\/wp\/v2\/categories?post=356355"},{"taxonomy":"post_tag","embeddable":true,"href":"https:\/\/www.pcnen.com\/portal\/wp-json\/wp\/v2\/tags?post=356355"}],"curies":[{"name":"wp","href":"https:\/\/api.w.org\/{rel}","templated":true}]}}