{"id":356349,"date":"2022-10-01T16:01:48","date_gmt":"2022-10-01T14:01:48","guid":{"rendered":"https:\/\/www.pcnen.com\/portal\/?p=356349"},"modified":"2022-10-01T16:10:51","modified_gmt":"2022-10-01T14:10:51","slug":"ijz-prijavljeno-178-novih-slucajeva-zaraze-kovidom","status":"publish","type":"post","link":"https:\/\/www.pcnen.com\/portal\/2022\/10\/01\/ijz-prijavljeno-178-novih-slucajeva-zaraze-kovidom\/","title":{"rendered":"IJZ: Prijavljeno 178 novih slu\u010dajeva zaraze kovidom"},"content":{"rendered":"<p><strong>Ukupno je dijagnostikovano 178 novopozitivnih<\/strong><a href=\"#_ftn1\" name=\"_ftnref1\">[1]<\/a> <strong>slu\u010dajeva infekcije SARS-CoV-2.<\/strong><\/p>\n<p><strong>Distribucija novopozitivnih slu\u010dajeva infekcije SARS-CoV-2 po op\u0161tinama: <\/strong><\/p>\n<table style=\"height: 514px;\" width=\"331\">\n<tbody>\n<tr>\n<td><strong>Op\u0161tina <\/strong><\/td>\n<td><strong>Novopozitivni<br \/>\n<\/strong><\/td>\n<\/tr>\n<tr>\n<td>Podgorica<\/td>\n<td>71<\/td>\n<\/tr>\n<tr>\n<td>Nik\u0161i\u0107<\/td>\n<td>39<\/td>\n<\/tr>\n<tr>\n<td>Bar<\/td>\n<td>18<\/td>\n<\/tr>\n<tr>\n<td>Kotor<\/td>\n<td>10<\/td>\n<\/tr>\n<tr>\n<td>Danilovgrad<\/td>\n<td>7<\/td>\n<\/tr>\n<tr>\n<td>Herceg Novi<\/td>\n<td>7<\/td>\n<\/tr>\n<tr>\n<td>Pljevlja<\/td>\n<td>7<\/td>\n<\/tr>\n<tr>\n<td>Cetinje<\/td>\n<td>5<\/td>\n<\/tr>\n<tr>\n<td>Budva<\/td>\n<td>4<\/td>\n<\/tr>\n<tr>\n<td>Berane<\/td>\n<td>2<\/td>\n<\/tr>\n<tr>\n<td>Plu\u017eine<\/td>\n<td>2<\/td>\n<\/tr>\n<tr>\n<td>Ro\u017eaje<\/td>\n<td>2<\/td>\n<\/tr>\n<tr>\n<td>Tivat<\/td>\n<td>2<\/td>\n<\/tr>\n<tr>\n<td>\u0160avnik<\/td>\n<td>1<\/td>\n<\/tr>\n<tr>\n<td>Tuzi<\/td>\n<td>1<\/td>\n<\/tr>\n<tr>\n<td><strong>Ukupno<\/strong><\/td>\n<td><strong>178<\/strong><\/td>\n<\/tr>\n<\/tbody>\n<\/table>\n<p>&nbsp;<\/p>\n<p>Udio pozitivnih slu\u010dajeva u ukupnom broju testiranih dana 30.09.2022. godine iznosio je 19,01%.<\/p>\n<p>Od prethodnog saop\u0161tenja, IJZCG nijesu prijavljeni smrtni slu\u010dajevi povezani sa SARS-CoV-2 infekcijom.<\/p>\n<p><strong>Ukupan broj preminulih povezanih sa COVID-19 infekcijom u Crnoj Gori od po\u010detka pandemije je <\/strong><strong>2.782. <\/strong><\/p>\n<p><strong>Do 15:00 \u010dasova prijavljen je oporavak kod 146 pacijenata. <\/strong><\/p>\n<p>Uzimaju\u0107i u obzir sve novootkrivene slu\u010dajeve kao i broj oporavljenih, ukupan broj trenutno aktivnih slu\u010dajeva COVID-19 u Crnoj Gori iznosi <strong>1.134. <\/strong><\/p>\n<p>Od po\u010detka epidemijskih de\u0161avanja (mart 2020. godine) ukupan broj registrovanih slu\u010dajeva infekcije novim korona virusom u Crnoj Gori je <strong>280.360. <\/strong><\/p>\n<p>Trenutno aktivni slu\u010dajevi po op\u0161tinama* prikazani su u narednoj tabeli, raspore\u0111eni prema opadaju\u0107em redosljedu:<\/p>\n<table style=\"height: 782px;\" width=\"353\">\n<tbody>\n<tr>\n<td><strong>op\u0161tina<\/strong><\/td>\n<td><strong>aktivni slu\u010dajevi<\/strong><\/td>\n<\/tr>\n<tr>\n<td>Podgorica<\/td>\n<td>457<\/td>\n<\/tr>\n<tr>\n<td>Nik\u0161i\u0107<\/td>\n<td>266<\/td>\n<\/tr>\n<tr>\n<td>Bar<\/td>\n<td>74<\/td>\n<\/tr>\n<tr>\n<td>Budva<\/td>\n<td>56<\/td>\n<\/tr>\n<tr>\n<td>Kotor<\/td>\n<td>51<\/td>\n<\/tr>\n<tr>\n<td>Cetinje<\/td>\n<td>38<\/td>\n<\/tr>\n<tr>\n<td>Herceg Novi<\/td>\n<td>36<\/td>\n<\/tr>\n<tr>\n<td>Pljevlja<\/td>\n<td>30<\/td>\n<\/tr>\n<tr>\n<td>Tivat<\/td>\n<td>29<\/td>\n<\/tr>\n<tr>\n<td>Danilovgrad<\/td>\n<td>21<\/td>\n<\/tr>\n<tr>\n<td>Bijelo Polje<\/td>\n<td>20<\/td>\n<\/tr>\n<tr>\n<td>Berane<\/td>\n<td>19<\/td>\n<\/tr>\n<tr>\n<td>Ulcinj<\/td>\n<td>7<\/td>\n<\/tr>\n<tr>\n<td>Kola\u0161in<\/td>\n<td>6<\/td>\n<\/tr>\n<tr>\n<td>Andrijevica<\/td>\n<td>5<\/td>\n<\/tr>\n<tr>\n<td>Plu\u017eine<\/td>\n<td>4<\/td>\n<\/tr>\n<tr>\n<td>Mojkovac<\/td>\n<td>3<\/td>\n<\/tr>\n<tr>\n<td>Ro\u017eaje<\/td>\n<td>3<\/td>\n<\/tr>\n<tr>\n<td>\u017dabljak<\/td>\n<td>3<\/td>\n<\/tr>\n<tr>\n<td>Gusinje<\/td>\n<td>2<\/td>\n<\/tr>\n<tr>\n<td>\u0160avnik<\/td>\n<td>2<\/td>\n<\/tr>\n<tr>\n<td>Petnjica<\/td>\n<td>1<\/td>\n<\/tr>\n<tr>\n<td>Tuzi<\/td>\n<td>1<\/td>\n<\/tr>\n<tr>\n<td>Plav<\/td>\n<td>0<\/td>\n<\/tr>\n<tr>\n<td><strong>Crna Gora <\/strong><\/td>\n<td><strong>1134<\/strong><\/td>\n<\/tr>\n<\/tbody>\n<\/table>\n<p>&nbsp;<\/p>\n<p><strong>Metodolo\u0161ke napomene:<\/strong><\/p>\n<p>*) prikaz oboljelih po op\u0161tinama je podlo\u017ean promjeni nakon dobijanja dodatnih podataka iz epidemiolo\u0161kih istra\u017eivanja i prikupljanja podataka sa terena. Inicijalne prijave koje pristi\u017eu u Institut obra\u0111uju se po uputnoj zdravstvenoj ustanovi koja \u010desto pokriva teritoriju vi\u0161e op\u0161tina te inicijalne klasifikacije po op\u0161tinama \u010desto ne odra\u017eavaju pravo stanje na terenu u trenutku objavljivanja.<\/p>\n<p><a href=\"#_ftnref1\" name=\"_ftn1\">[1]<\/a> Broj predstavlja sve slu\u010dajeve infekcije otkrivene kori\u0161\u0107enjem PCR testova i brzih antigenskih testova koji su prijavljeni Institutu za javno zdravlje Crne Gore<\/p>\n","protected":false},"excerpt":{"rendered":"<p>Laboratorije Instituta za javno zdravlje Crne Gore (IJZCG), druge javne i privatne laboratorije koje se bave dijagnostikom infekcije novog koronavirusa su tokom ju\u010dera\u0161njeg dana (petak 30.09.2022. godine) zavr\u0161ile analizu i IJZCG dostavile rezultate za 926 uzoraka na novi koronavirus.<\/p>\n","protected":false},"author":1,"featured_media":305743,"comment_status":"open","ping_status":"closed","sticky":false,"template":"","format":"standard","meta":{"_seopress_robots_primary_cat":"","_seopress_titles_title":"","_seopress_titles_desc":"","_seopress_robots_index":"","_et_pb_use_builder":"","_et_pb_old_content":"","_et_gb_content_width":"","inline_featured_image":false,"footnotes":""},"categories":[14],"tags":[],"class_list":["post-356349","post","type-post","status-publish","format-standard","has-post-thumbnail","hentry","category-vijesti"],"_links":{"self":[{"href":"https:\/\/www.pcnen.com\/portal\/wp-json\/wp\/v2\/posts\/356349","targetHints":{"allow":["GET"]}}],"collection":[{"href":"https:\/\/www.pcnen.com\/portal\/wp-json\/wp\/v2\/posts"}],"about":[{"href":"https:\/\/www.pcnen.com\/portal\/wp-json\/wp\/v2\/types\/post"}],"author":[{"embeddable":true,"href":"https:\/\/www.pcnen.com\/portal\/wp-json\/wp\/v2\/users\/1"}],"replies":[{"embeddable":true,"href":"https:\/\/www.pcnen.com\/portal\/wp-json\/wp\/v2\/comments?post=356349"}],"version-history":[{"count":3,"href":"https:\/\/www.pcnen.com\/portal\/wp-json\/wp\/v2\/posts\/356349\/revisions"}],"predecessor-version":[{"id":356352,"href":"https:\/\/www.pcnen.com\/portal\/wp-json\/wp\/v2\/posts\/356349\/revisions\/356352"}],"wp:featuredmedia":[{"embeddable":true,"href":"https:\/\/www.pcnen.com\/portal\/wp-json\/wp\/v2\/media\/305743"}],"wp:attachment":[{"href":"https:\/\/www.pcnen.com\/portal\/wp-json\/wp\/v2\/media?parent=356349"}],"wp:term":[{"taxonomy":"category","embeddable":true,"href":"https:\/\/www.pcnen.com\/portal\/wp-json\/wp\/v2\/categories?post=356349"},{"taxonomy":"post_tag","embeddable":true,"href":"https:\/\/www.pcnen.com\/portal\/wp-json\/wp\/v2\/tags?post=356349"}],"curies":[{"name":"wp","href":"https:\/\/api.w.org\/{rel}","templated":true}]}}