{"id":356343,"date":"2022-10-01T11:53:23","date_gmt":"2022-10-01T09:53:23","guid":{"rendered":"https:\/\/www.pcnen.com\/portal\/?p=356343"},"modified":"2022-10-01T11:53:23","modified_gmt":"2022-10-01T09:53:23","slug":"knezevic-najveci-bezbjednosni-uspjeh-sto-se-nisu-poubijali-na-sjednicama-vlade","status":"publish","type":"post","link":"https:\/\/www.pcnen.com\/portal\/2022\/10\/01\/knezevic-najveci-bezbjednosni-uspjeh-sto-se-nisu-poubijali-na-sjednicama-vlade\/","title":{"rendered":"Kne\u017eevi\u0107: Najve\u0107i bezbjednosni uspjeh \u0161to se nisu poubijali na sjednicama Vlade"},"content":{"rendered":"<p>Na sjednici \u0107u predlo\u017eiti saslu\u0161anje premijera u tehni\u010dkom mandatu Dritana Abazovi\u0107a, ministra vanjskih poslova Ranka Krivokapi\u0107a, ministra odbrane Ra\u0161ka Konjevi\u0107a, ministra unutra\u0161njih poslova Filipa Ad\u017ei\u0107a, v.d. direktora ANB- a Save Kentere, v.d. VDT- a Maje Jovanovi\u0107 i GST- a Vladimira Novovi\u0107a.<\/p>\n<p>Imaju\u0107i u vidu u\u010destale zloupotrebe slu\u017ebenog polo\u017eaja, onih koji bi trebalo da sprovode, ali i \u0161tite Ustav i zakone Crne Gore, smatram za svoju du\u017enost, da zakazivanjem\u00a0 sjednice Odbora dobijemo informacije o navedenim slu\u010dajevima.<\/p>\n<p>Bez namjere da sa pozicije predsjednika Odbora saop\u0161tavam politi\u010dke stavove, dok ne obavimo kontrolno saslu\u0161anje, ipak moram primijetiti da ovoliko nelogi\u010dnosti koje saop\u0161tavaju predstavnici dr\u017eavnih organa, najbolje govori o tome da su za rasulo u bezbjednosnom sektoru upravo najodgovorniji oni koji upravljaju njime. I da je njihov najve\u0107i bezbjednosni uspjeh \u0161to se dosad nisu poubijali na sjednicama Vlade.<\/p>\n<p><iframe loading=\"lazy\" style=\"border: none; overflow: hidden;\" src=\"https:\/\/www.facebook.com\/plugins\/post.php?href=https%3A%2F%2Fwww.facebook.com%2FDemokratskiFront%2Fposts%2Fpfbid031fTujFhiwmNi43LGFVKqPGFxJrLpYoE3k51RbzRCbzfWPyTz3aXtmMHj1MmEPSzNl&amp;show_text=true&amp;width=500\" width=\"500\" height=\"706\" frameborder=\"0\" scrolling=\"no\" allowfullscreen=\"allowfullscreen\"><\/iframe><\/p>\n","protected":false},"excerpt":{"rendered":"<p>Povodom nedavnog hap\u0161enja crnogorskih dr\u017eavljana, medju kojima je jedan visoki funkcioner MVP-a,\u00a0 zabrane ulaska ambasadora Srbije u Crnu Goru i jo\u0161\u00a0 dvadeset osmoro stranih dr\u017eavljana, protjerivanja ruskih diplomata, uz konfuzne i kontroverzne informacije koje dolaze od strane zvani\u010dnih organa Vlade i SDT-a, uz nagla\u0161eni narativ da je ugro\u017eena bezbjednost dr\u017eave, planiram da zaka\u017eem sjednicu Odbora za bezbjednost i odbranu, napisao je pedsjednik skup\u0161tinskog Odbora za bezbjednost i odbranu, Milan Kne\u017eevi\u0107 na Facebooku. \u00a0<\/p>\n","protected":false},"author":1,"featured_media":275178,"comment_status":"open","ping_status":"closed","sticky":false,"template":"","format":"standard","meta":{"_seopress_robots_primary_cat":"","_seopress_titles_title":"","_seopress_titles_desc":"","_seopress_robots_index":"","_et_pb_use_builder":"","_et_pb_old_content":"","_et_gb_content_width":"","inline_featured_image":false,"footnotes":""},"categories":[14],"tags":[],"class_list":["post-356343","post","type-post","status-publish","format-standard","has-post-thumbnail","hentry","category-vijesti"],"_links":{"self":[{"href":"https:\/\/www.pcnen.com\/portal\/wp-json\/wp\/v2\/posts\/356343","targetHints":{"allow":["GET"]}}],"collection":[{"href":"https:\/\/www.pcnen.com\/portal\/wp-json\/wp\/v2\/posts"}],"about":[{"href":"https:\/\/www.pcnen.com\/portal\/wp-json\/wp\/v2\/types\/post"}],"author":[{"embeddable":true,"href":"https:\/\/www.pcnen.com\/portal\/wp-json\/wp\/v2\/users\/1"}],"replies":[{"embeddable":true,"href":"https:\/\/www.pcnen.com\/portal\/wp-json\/wp\/v2\/comments?post=356343"}],"version-history":[{"count":1,"href":"https:\/\/www.pcnen.com\/portal\/wp-json\/wp\/v2\/posts\/356343\/revisions"}],"predecessor-version":[{"id":356344,"href":"https:\/\/www.pcnen.com\/portal\/wp-json\/wp\/v2\/posts\/356343\/revisions\/356344"}],"wp:featuredmedia":[{"embeddable":true,"href":"https:\/\/www.pcnen.com\/portal\/wp-json\/wp\/v2\/media\/275178"}],"wp:attachment":[{"href":"https:\/\/www.pcnen.com\/portal\/wp-json\/wp\/v2\/media?parent=356343"}],"wp:term":[{"taxonomy":"category","embeddable":true,"href":"https:\/\/www.pcnen.com\/portal\/wp-json\/wp\/v2\/categories?post=356343"},{"taxonomy":"post_tag","embeddable":true,"href":"https:\/\/www.pcnen.com\/portal\/wp-json\/wp\/v2\/tags?post=356343"}],"curies":[{"name":"wp","href":"https:\/\/api.w.org\/{rel}","templated":true}]}}