{"id":356332,"date":"2022-10-01T08:42:23","date_gmt":"2022-10-01T06:42:23","guid":{"rendered":"https:\/\/www.pcnen.com\/portal\/?p=356332"},"modified":"2022-10-01T08:42:23","modified_gmt":"2022-10-01T06:42:23","slug":"mmf-najveca-kriza-sa-hranom-od-2008-godine","status":"publish","type":"post","link":"https:\/\/www.pcnen.com\/portal\/2022\/10\/01\/mmf-najveca-kriza-sa-hranom-od-2008-godine\/","title":{"rendered":"MMF: Najve\u0107a kriza sa hranom od 2008. godine"},"content":{"rendered":"<p>U novom istra\u017eiva\u010dkom izvje\u0161taju procjenjuje se da se 48 zemalja koje su najizlo\u017eenije nesta\u0161ici hrane suo\u010davaju sa ukupnim pove\u0107anjem uvoznih tro\u0161kova za devet milijardi dolara u 2022. i 2023. godini zbog iznenadnog poskupljenja hrane i \u0111ubriva nakon \u0161to je Rusija pokrenula specijalnu vojnu operaciju.<\/p>\n<p>Ovo \u0107e istro\u0161iti rezerve mnogih osjeljivih dr\u017eva i onih koje su zahva\u0107ene konfliktima, po\u0161to ve\u0107 imaju finansijske probleme usljed pandemije i poskupljenja energeneta, navodi MMF.<\/p>\n<p>&#8220;Samo u ovoj godini procjenjujemo da je visokoizlo\u017eenim zemljama potrebno sedam milijardi dolara za pru\u017eanje pomo\u0107i najsiroma\u0161nijim doma\u0107instvima&#8221;, objavili su direktor MMF-a Kristalina Georgijeva i njeni saradnici.<\/p>\n<p>Oni navode da je sukob pogor\u0161ao krizu sa hranom koja raste od 2018, djelimi\u010dno zbog intenziviranja u\u010destalosti i snage klimatskih \u0161okova i regionalnih sukoba.<\/p>\n<p>MMF je pozvao na brzo pove\u0107anje humanitarne pomo\u0107i kroz Svjetski program za hranu i ostale organizacije, kao i kroz ciljane fiskalne mjere u pogo\u0111enim zemljama da bi se pomoglo siroma\u0161nima.<\/p>\n<p>U dokumentu se napominje da prioritet za vlade treba da bude borba protiv inflacije.<\/p>\n","protected":false},"excerpt":{"rendered":"<p>Sukob u Ukrajini poremetio je transport \u017eitarica i vje\u0161ta\u010dkog \u0111ubriva i izazvao najve\u0107u krizu sa hranom od globalne finansijske krize 2007. i 2008. godine, a oko 345 miliona ljudi suo\u010dava se sa nesta\u0161icama koje im ugro\u017eavaju \u017eivote, saop\u0161tio je danas Me\u0111unarodni monetarni fond (MMF), prenosi Srna.<\/p>\n","protected":false},"author":1,"featured_media":356333,"comment_status":"open","ping_status":"closed","sticky":false,"template":"","format":"standard","meta":{"_seopress_robots_primary_cat":"","_seopress_titles_title":"","_seopress_titles_desc":"","_seopress_robots_index":"","_et_pb_use_builder":"","_et_pb_old_content":"","_et_gb_content_width":"","inline_featured_image":false,"footnotes":""},"categories":[14],"tags":[],"class_list":["post-356332","post","type-post","status-publish","format-standard","has-post-thumbnail","hentry","category-vijesti"],"_links":{"self":[{"href":"https:\/\/www.pcnen.com\/portal\/wp-json\/wp\/v2\/posts\/356332","targetHints":{"allow":["GET"]}}],"collection":[{"href":"https:\/\/www.pcnen.com\/portal\/wp-json\/wp\/v2\/posts"}],"about":[{"href":"https:\/\/www.pcnen.com\/portal\/wp-json\/wp\/v2\/types\/post"}],"author":[{"embeddable":true,"href":"https:\/\/www.pcnen.com\/portal\/wp-json\/wp\/v2\/users\/1"}],"replies":[{"embeddable":true,"href":"https:\/\/www.pcnen.com\/portal\/wp-json\/wp\/v2\/comments?post=356332"}],"version-history":[{"count":1,"href":"https:\/\/www.pcnen.com\/portal\/wp-json\/wp\/v2\/posts\/356332\/revisions"}],"predecessor-version":[{"id":356334,"href":"https:\/\/www.pcnen.com\/portal\/wp-json\/wp\/v2\/posts\/356332\/revisions\/356334"}],"wp:featuredmedia":[{"embeddable":true,"href":"https:\/\/www.pcnen.com\/portal\/wp-json\/wp\/v2\/media\/356333"}],"wp:attachment":[{"href":"https:\/\/www.pcnen.com\/portal\/wp-json\/wp\/v2\/media?parent=356332"}],"wp:term":[{"taxonomy":"category","embeddable":true,"href":"https:\/\/www.pcnen.com\/portal\/wp-json\/wp\/v2\/categories?post=356332"},{"taxonomy":"post_tag","embeddable":true,"href":"https:\/\/www.pcnen.com\/portal\/wp-json\/wp\/v2\/tags?post=356332"}],"curies":[{"name":"wp","href":"https:\/\/api.w.org\/{rel}","templated":true}]}}