{"id":356325,"date":"2022-10-01T08:12:36","date_gmt":"2022-10-01T06:12:36","guid":{"rendered":"https:\/\/www.pcnen.com\/portal\/?p=356325"},"modified":"2022-10-01T08:12:36","modified_gmt":"2022-10-01T06:12:36","slug":"advokat-demantuje-da-je-zvicer-ubijen","status":"publish","type":"post","link":"https:\/\/www.pcnen.com\/portal\/2022\/10\/01\/advokat-demantuje-da-je-zvicer-ubijen\/","title":{"rendered":"Advokat demantuje da je Zvicer ubijen"},"content":{"rendered":"<p>&#8220;Demantujem kao advokat porodice da je Radoje Zvicer ubijen i ranjen. Porodica je vidjela napise u medijima i da se ne bi dezinformacije i dalje \u0161irile va\u017eno je da se zna da je moj klijent \u017eiv\u201c, r<a href=\"https:\/\/www.kurir.rs\/crna-hronika\/4021967\/advokat-porodice-zvicer-za-kurir-negirao-sve-navode-da-je-vodja-kavackog-klana-ubijen\">ekao je \u017dari\u0107 za Kurir.<\/a><\/p>\n<p>Crnogorsko tu\u017eila\u0161tvo tereti Zvicera i jo\u0161 devet osoba da su po\u010dinili krivi\u010dna djela stvaranje kriminalne organizacije i te\u0161ko ubistvo, a u Srbiji mu se sudilo da je koristio la\u017eni paso\u0161.<\/p>\n<p>Dio medija u Srbiji prenio je i da je Zvicer bio u Turskoj u vrijeme kada je planiran ili izveden atentat na vo\u0111u rivalskog \u0161kaljarskog klana Jovana Vukoti\u0107. Nema informacija na osnovu \u010dega se temelje te tvrdnje.<\/p>\n<p>Istra\u017eni organi Crne Gore dovodili su prethodnih godina Zvicera u vezu sa brojnim krivi\u010dnim djelima.<\/p>\n<blockquote class=\"wp-embedded-content\" data-secret=\"eNhHWvW5CC\"><p><a href=\"https:\/\/www.pcnen.com\/portal\/2022\/09\/30\/blic-ubijen-radoje-zvicer-u-panami\/\">Blic: Ubijen Radoje Zvicer u Panami<\/a><\/p><\/blockquote>\n<p><iframe loading=\"lazy\" class=\"wp-embedded-content\" sandbox=\"allow-scripts\" security=\"restricted\" style=\"position: absolute; clip: rect(1px, 1px, 1px, 1px);\" title=\"&#8220;Blic: Ubijen Radoje Zvicer u Panami&#8221; &#8212; PCNEN\" src=\"https:\/\/www.pcnen.com\/portal\/2022\/09\/30\/blic-ubijen-radoje-zvicer-u-panami\/embed\/#?secret=1Q5Z0LPobP#?secret=eNhHWvW5CC\" data-secret=\"eNhHWvW5CC\" width=\"600\" height=\"338\" frameborder=\"0\" marginwidth=\"0\" marginheight=\"0\" scrolling=\"no\"><\/iframe><\/p>\n","protected":false},"excerpt":{"rendered":"<p>Mediji su sino\u0107 prenijeli vijest da je osumnji\u010deni vo\u0111a kava\u010dkog klana Radoje Zvicer ubijen u Panami. Advokat porodice Zvicer, Vladimir \u017dari\u0107, demantovao je navode o ubistvu.<\/p>\n","protected":false},"author":1,"featured_media":346516,"comment_status":"open","ping_status":"closed","sticky":false,"template":"","format":"standard","meta":{"_seopress_robots_primary_cat":"","_seopress_titles_title":"","_seopress_titles_desc":"","_seopress_robots_index":"","_et_pb_use_builder":"","_et_pb_old_content":"","_et_gb_content_width":"","inline_featured_image":false,"footnotes":""},"categories":[14],"tags":[],"class_list":["post-356325","post","type-post","status-publish","format-standard","has-post-thumbnail","hentry","category-vijesti"],"_links":{"self":[{"href":"https:\/\/www.pcnen.com\/portal\/wp-json\/wp\/v2\/posts\/356325","targetHints":{"allow":["GET"]}}],"collection":[{"href":"https:\/\/www.pcnen.com\/portal\/wp-json\/wp\/v2\/posts"}],"about":[{"href":"https:\/\/www.pcnen.com\/portal\/wp-json\/wp\/v2\/types\/post"}],"author":[{"embeddable":true,"href":"https:\/\/www.pcnen.com\/portal\/wp-json\/wp\/v2\/users\/1"}],"replies":[{"embeddable":true,"href":"https:\/\/www.pcnen.com\/portal\/wp-json\/wp\/v2\/comments?post=356325"}],"version-history":[{"count":1,"href":"https:\/\/www.pcnen.com\/portal\/wp-json\/wp\/v2\/posts\/356325\/revisions"}],"predecessor-version":[{"id":356326,"href":"https:\/\/www.pcnen.com\/portal\/wp-json\/wp\/v2\/posts\/356325\/revisions\/356326"}],"wp:featuredmedia":[{"embeddable":true,"href":"https:\/\/www.pcnen.com\/portal\/wp-json\/wp\/v2\/media\/346516"}],"wp:attachment":[{"href":"https:\/\/www.pcnen.com\/portal\/wp-json\/wp\/v2\/media?parent=356325"}],"wp:term":[{"taxonomy":"category","embeddable":true,"href":"https:\/\/www.pcnen.com\/portal\/wp-json\/wp\/v2\/categories?post=356325"},{"taxonomy":"post_tag","embeddable":true,"href":"https:\/\/www.pcnen.com\/portal\/wp-json\/wp\/v2\/tags?post=356325"}],"curies":[{"name":"wp","href":"https:\/\/api.w.org\/{rel}","templated":true}]}}