{"id":356306,"date":"2022-09-30T18:24:39","date_gmt":"2022-09-30T16:24:39","guid":{"rendered":"https:\/\/www.pcnen.com\/portal\/?p=356306"},"modified":"2022-09-30T18:27:56","modified_gmt":"2022-09-30T16:27:56","slug":"bozovic-o-zabrani-ulaska-u-cg-video","status":"publish","type":"post","link":"https:\/\/www.pcnen.com\/portal\/2022\/09\/30\/bozovic-o-zabrani-ulaska-u-cg-video\/","title":{"rendered":"Bo\u017eovi\u0107 o zabrani ulaska u CG (video)"},"content":{"rendered":"<blockquote class=\"instagram-media\" style=\"background: #FFF; border: 0; border-radius: 3px; box-shadow: 0 0 1px 0 rgba(0,0,0,0.5),0 1px 10px 0 rgba(0,0,0,0.15); margin: 1px; max-width: 540px; min-width: 326px; padding: 0; width: calc(100% - 2px);\" data-instgrm-captioned=\"\" data-instgrm-permalink=\"https:\/\/www.instagram.com\/reel\/CjIcbebIx5_\/?utm_source=ig_embed&amp;utm_campaign=loading\" data-instgrm-version=\"14\">\n<div style=\"padding: 16px;\">\n<p>&nbsp;<\/p>\n<div style=\"display: flex; flex-direction: row; align-items: center;\">\n<div style=\"background-color: #f4f4f4; border-radius: 50%; flex-grow: 0; height: 40px; margin-right: 14px; width: 40px;\"><\/div>\n<div style=\"display: flex; flex-direction: column; flex-grow: 1; justify-content: center;\">\n<div style=\"background-color: #f4f4f4; border-radius: 4px; flex-grow: 0; height: 14px; margin-bottom: 6px; width: 100px;\"><\/div>\n<div style=\"background-color: #f4f4f4; border-radius: 4px; flex-grow: 0; height: 14px; width: 60px;\"><\/div>\n<\/div>\n<\/div>\n<div style=\"padding: 19% 0;\"><\/div>\n<div style=\"display: block; height: 50px; margin: 0 auto 12px; width: 50px;\"><\/div>\n<div style=\"padding-top: 8px;\">\n<div style=\"color: #3897f0; font-family: Arial,sans-serif; font-size: 14px; font-style: normal; font-weight: 550; line-height: 18px;\">View this post on Instagram<\/div>\n<\/div>\n<div style=\"padding: 12.5% 0;\"><\/div>\n<div style=\"display: flex; flex-direction: row; margin-bottom: 14px; align-items: center;\">\n<div>\n<div style=\"background-color: #f4f4f4; border-radius: 50%; height: 12.5px; width: 12.5px; transform: translateX(0px) translateY(7px);\"><\/div>\n<div style=\"background-color: #f4f4f4; height: 12.5px; transform: rotate(-45deg) translateX(3px) translateY(1px); width: 12.5px; flex-grow: 0; margin-right: 14px; margin-left: 2px;\"><\/div>\n<div style=\"background-color: #f4f4f4; border-radius: 50%; height: 12.5px; width: 12.5px; transform: translateX(9px) translateY(-18px);\"><\/div>\n<\/div>\n<div style=\"margin-left: 8px;\">\n<div style=\"background-color: #f4f4f4; border-radius: 50%; flex-grow: 0; height: 20px; width: 20px;\"><\/div>\n<div style=\"width: 0; height: 0; border-top: 2px solid transparent; border-left: 6px solid #f4f4f4; border-bottom: 2px solid transparent; transform: translateX(16px) translateY(-4px) rotate(30deg);\"><\/div>\n<\/div>\n<div style=\"margin-left: auto;\">\n<div style=\"width: 0px; border-top: 8px solid #F4F4F4; border-right: 8px solid transparent; transform: translateY(16px);\"><\/div>\n<div style=\"background-color: #f4f4f4; flex-grow: 0; height: 12px; width: 16px; transform: translateY(-4px);\"><\/div>\n<div style=\"width: 0; height: 0; border-top: 8px solid #F4F4F4; border-left: 8px solid transparent; transform: translateY(-4px) translateX(8px);\"><\/div>\n<\/div>\n<\/div>\n<div style=\"display: flex; flex-direction: column; flex-grow: 1; justify-content: center; margin-bottom: 24px;\">\n<div style=\"background-color: #f4f4f4; border-radius: 4px; flex-grow: 0; height: 14px; margin-bottom: 6px; width: 224px;\"><\/div>\n<div style=\"background-color: #f4f4f4; border-radius: 4px; flex-grow: 0; height: 14px; width: 144px;\"><\/div>\n<\/div>\n<p>&nbsp;<\/p>\n<p style=\"color: #c9c8cd; font-family: Arial,sans-serif; font-size: 14px; line-height: 17px; margin-bottom: 0; margin-top: 8px; overflow: hidden; padding: 8px 0 7px; text-align: center; text-overflow: ellipsis; white-space: nowrap;\"><a style=\"color: #c9c8cd; font-family: Arial,sans-serif; font-size: 14px; font-style: normal; font-weight: normal; line-height: 17px; text-decoration: none;\" href=\"https:\/\/www.instagram.com\/reel\/CjIcbebIx5_\/?utm_source=ig_embed&amp;utm_campaign=loading\" target=\"_blank\" rel=\"noopener\">A post shared by dr Vladimir Bo\u017eovi\u0107 (@ambasadors.mne)<\/a><\/p>\n<\/div>\n<\/blockquote>\n<p><script async src=\"\/\/www.instagram.com\/embed.js\"><\/script><\/p>\n<p>On je objavio video snimak sa grani\u010dnog prelaza Dra\u010denovac sa Srbijom, na kojem, kako je kazao, \u010deka da mu bude uru\u010deno rje\u0161enje o zabrani ulaska u Crnu Goru.<\/p>\n<p>\u201eZabrana je donijeta na zahtjev Sava Kentera, direktora Agencije za nacionalnu bezbjednost (ANB), pod obrazlo\u017eenjem da sam prijetnja za nacionalnu bezbjednost Crne Gore. Dakle, skandal nevi\u0111enih razmjera, ne\u010duveno i suprotno Ustavu i zakonima Crne Gore i svih evropskih standarda i normi, kojim mi se zabranjuje da u\u0111em u zemlju kojoj sam ro\u0111en, u kojoj mi \u017eive roditelji, sestre, rodbina, prijatelji, kumovi, u kojoj su grobovi mojih predaka, u kojoj su se moji preci borili za krst \u010dasni i slobodu zlatnu\u201c, rekao je Bo\u017eovi\u0107 u snimku objavljenom na Instagramu.<\/p>\n<p>Dodao je da mu \u201eulazak zabranjuju oni koji su pobije\u0111eni na demokratskim izborima u avgustu 2020. godine, grubo zloupotrebljavaju\u0107i ustavna i zakonska ovla\u0161\u0107enja\u201c.<\/p>\n<p>\u201eJa \u0107u se naravno \u017ealiti na ovo rje\u0161enje, o\u010dekujem reakciju Republike Srbije, predsjednika vlade i cijelog srpskog naroda, srpskog patrijarha i na\u0161e crkve, jer ovo nije udar na mene i moju porodicu, ovo je udar na sve Srbe u Crnoj Gori i na sve Srbe gdje god da \u017eive, da im se poka\u017ee da oni nisu demokratski narod, da nisu narod dostojan da im se po\u0161tuju osnovna ljudska gra\u0111anska i vjerska prava i slobode\u201c, ocijenio je on.<\/p>\n<p>Tvrdi da se nikad nije mije\u0161ao u unutra\u0161nje stvari Crne Gore, niti da je ikada dobio nalog od predsjednika Srbije da u\u010dini bilo \u0161ta protiv Crne Gore, njenih organa vlasti ili njenih interesa.<\/p>\n<p>\u201eBorio sam se za najbolje, bratske i prijateljske odnose Crne Gore i Srbije, da budemo najbli\u017ea bra\u0107a, prijatelji, najbli\u017ee dvije \u010dlanice Ujedinjenih nacija, ali na\u017ealost eto, to sve nije moglo da bude i evo ve\u0107 drugi put prognani postaje izgnani. Postajem \u010dovjek kome se zabranjuje ulazak u svoju zemlju ro\u0111enja. Zaista sramno i ne\u010duveno i u\u010dini\u0107u sve da o ovome obavijestim sve relevantne me\u0111unarodne organizacije, po\u0161to je ovo suprotno evropskoj konvenciji o ljudskim pravima i slobodama, suprotno Be\u010dkoj konvenciji. I sam \u010din protjerivanja nije zasnovan ni na jednom zdravom i valjanom razlogu. Ovo tako\u0111e predstavlja \u010din samovolje direktora ANB i pozivam sve nadle\u017ene u Crnoj Gori da reaguju na ovo i za\u0161tite Ustav i zakone Crne Gore, da po\u0161tuju crnogorsku tradiciju istorije i pravde i da ovo bude ru\u017ena pro\u0161lost, da gradimo najbolje ljudske i prijateljske odnose\u201c, zaklju\u010dio je Bo\u017eovi\u0107.<\/p>\n<p>&nbsp;<\/p>\n<blockquote class=\"wp-embedded-content\" data-secret=\"2jLlmD79o3\"><p><a href=\"https:\/\/www.pcnen.com\/portal\/2022\/09\/30\/knezevic-bivsem-ambasadoru-bozovicu-zabranjen-ulazak-u-cg\/\">Kne\u017eevi\u0107: Biv\u0161em ambasadoru Bo\u017eovi\u0107u zabranjen ulazak u CG<\/a><\/p><\/blockquote>\n<p><iframe loading=\"lazy\" class=\"wp-embedded-content\" sandbox=\"allow-scripts\" security=\"restricted\" style=\"position: absolute; clip: rect(1px, 1px, 1px, 1px);\" title=\"&#8220;Kne\u017eevi\u0107: Biv\u0161em ambasadoru Bo\u017eovi\u0107u zabranjen ulazak u CG&#8221; &#8212; PCNEN\" src=\"https:\/\/www.pcnen.com\/portal\/2022\/09\/30\/knezevic-bivsem-ambasadoru-bozovicu-zabranjen-ulazak-u-cg\/embed\/#?secret=yJqbLZDLZf#?secret=2jLlmD79o3\" data-secret=\"2jLlmD79o3\" width=\"600\" height=\"338\" frameborder=\"0\" marginwidth=\"0\" marginheight=\"0\" scrolling=\"no\"><\/iframe><\/p>\n","protected":false},"excerpt":{"rendered":"<p>Protjerani ambasador Srbije u Crnoj Gori, Vladimir Bo\u017eovi\u0107, ocijenio je da je odluka da mu se zabrani ulazak u Crnu Goru udar na cijeli srpski narod.<\/p>\n","protected":false},"author":1,"featured_media":352884,"comment_status":"open","ping_status":"closed","sticky":false,"template":"","format":"standard","meta":{"_seopress_robots_primary_cat":"","_seopress_titles_title":"","_seopress_titles_desc":"","_seopress_robots_index":"","_et_pb_use_builder":"","_et_pb_old_content":"","_et_gb_content_width":"","inline_featured_image":false,"footnotes":""},"categories":[14],"tags":[],"class_list":["post-356306","post","type-post","status-publish","format-standard","has-post-thumbnail","hentry","category-vijesti"],"_links":{"self":[{"href":"https:\/\/www.pcnen.com\/portal\/wp-json\/wp\/v2\/posts\/356306","targetHints":{"allow":["GET"]}}],"collection":[{"href":"https:\/\/www.pcnen.com\/portal\/wp-json\/wp\/v2\/posts"}],"about":[{"href":"https:\/\/www.pcnen.com\/portal\/wp-json\/wp\/v2\/types\/post"}],"author":[{"embeddable":true,"href":"https:\/\/www.pcnen.com\/portal\/wp-json\/wp\/v2\/users\/1"}],"replies":[{"embeddable":true,"href":"https:\/\/www.pcnen.com\/portal\/wp-json\/wp\/v2\/comments?post=356306"}],"version-history":[{"count":3,"href":"https:\/\/www.pcnen.com\/portal\/wp-json\/wp\/v2\/posts\/356306\/revisions"}],"predecessor-version":[{"id":356309,"href":"https:\/\/www.pcnen.com\/portal\/wp-json\/wp\/v2\/posts\/356306\/revisions\/356309"}],"wp:featuredmedia":[{"embeddable":true,"href":"https:\/\/www.pcnen.com\/portal\/wp-json\/wp\/v2\/media\/352884"}],"wp:attachment":[{"href":"https:\/\/www.pcnen.com\/portal\/wp-json\/wp\/v2\/media?parent=356306"}],"wp:term":[{"taxonomy":"category","embeddable":true,"href":"https:\/\/www.pcnen.com\/portal\/wp-json\/wp\/v2\/categories?post=356306"},{"taxonomy":"post_tag","embeddable":true,"href":"https:\/\/www.pcnen.com\/portal\/wp-json\/wp\/v2\/tags?post=356306"}],"curies":[{"name":"wp","href":"https:\/\/api.w.org\/{rel}","templated":true}]}}