{"id":356304,"date":"2022-09-30T18:11:52","date_gmt":"2022-09-30T16:11:52","guid":{"rendered":"https:\/\/www.pcnen.com\/portal\/?p=356304"},"modified":"2022-09-30T18:11:52","modified_gmt":"2022-09-30T16:11:52","slug":"zaharova-iza-protjerivanja-diplomata-iz-cg-jasno-vidljiv-zapadni-trag","status":"publish","type":"post","link":"https:\/\/www.pcnen.com\/portal\/2022\/09\/30\/zaharova-iza-protjerivanja-diplomata-iz-cg-jasno-vidljiv-zapadni-trag\/","title":{"rendered":"Zaharova: Iza protjerivanja diplomata iz CG jasno vidljiv zapadni trag"},"content":{"rendered":"<p>\u201ePosljednjih godina u Podgorici su, iz sebi\u010dnih politi\u010dkih pobuda, navikli da bespogovorno prate rusofobi\u010dnu \u2018politiku obuzdavanja\u2019 koju namec\u0301u Anglosaksonci, a koja danas pod de\u017eurnom kamufla\u017eom ukrajinskih doga\u0111aja dosti\u017ee maksimalnu brzinu\u201c, navodi se u saop\u0161tenju objavljenom na sajtu ministarstva spoljnih poslova Rusije, prenosi Beta.<\/p>\n<p>Kako je navela, nemoguc\u0301e je druga\u010dije objasniti kako je zemlja koja je istorijski bliska i prijateljska za kratko vrijeme postala \u201egotovo isturena stanica ofanzive na Rusiju\u201c.<\/p>\n<p>Ona je preporu\u010dila Rusima da, s obzirom na neprijateljsko pona\u0161anje vlasti u Podgorici, \u201ekriti\u010dki prilaze planiranim putovanjima u Crnu Goru\u201c.<\/p>\n<p>Navela je da \u201eneprijateljsko pona\u0161anje\u201c ne\u0107e ostati bez odgovora.<\/p>\n<p>Ministarstvo spoljnih poslova Crne Gore proglasilo je ju\u010de \u0161est diplomata ambasade Ruske Federacije akreditovanih u Crnoj Gori personama non grata, zbog aktivnosti \u201ekoje su u suprotnosti sa Be\u010dkom konvencijom o diplomatskim odnosima\u201c.<\/p>\n<p>Tokom prethodnih \u0161est mjeseci pod istim obrazlo\u017eenjem protjerano je \u0161est ruskih diplomata.<\/p>\n<blockquote class=\"wp-embedded-content\" data-secret=\"eLjaSLIFlb\"><p><a href=\"https:\/\/www.pcnen.com\/portal\/2022\/09\/29\/mvp-sest-ruskih-diplomata-proglaseno-personama-non-grata\/\">MVP: \u0160est ruskih diplomata progla\u0161eno personama non grata<\/a><\/p><\/blockquote>\n<p><iframe loading=\"lazy\" class=\"wp-embedded-content\" sandbox=\"allow-scripts\" security=\"restricted\" style=\"position: absolute; clip: rect(1px, 1px, 1px, 1px);\" title=\"&#8220;MVP: \u0160est ruskih diplomata progla\u0161eno personama non grata&#8221; &#8212; PCNEN\" src=\"https:\/\/www.pcnen.com\/portal\/2022\/09\/29\/mvp-sest-ruskih-diplomata-proglaseno-personama-non-grata\/embed\/#?secret=Vwl1sPjXtK#?secret=eLjaSLIFlb\" data-secret=\"eLjaSLIFlb\" width=\"600\" height=\"338\" frameborder=\"0\" marginwidth=\"0\" marginheight=\"0\" scrolling=\"no\"><\/iframe><\/p>\n","protected":false},"excerpt":{"rendered":"<p>Portparolka ruskog ministarstva spoljnih poslova Marija Zaharova izjavila je da se iza protjerivanja \u0161est ruskih diplomata iz Crne Gore &#8220;jasno vidi zapadni trag&#8221;.<\/p>\n","protected":false},"author":1,"featured_media":0,"comment_status":"open","ping_status":"closed","sticky":false,"template":"","format":"standard","meta":{"_seopress_robots_primary_cat":"","_seopress_titles_title":"","_seopress_titles_desc":"","_seopress_robots_index":"","_et_pb_use_builder":"","_et_pb_old_content":"","_et_gb_content_width":"","inline_featured_image":false,"footnotes":""},"categories":[14],"tags":[],"class_list":["post-356304","post","type-post","status-publish","format-standard","hentry","category-vijesti"],"_links":{"self":[{"href":"https:\/\/www.pcnen.com\/portal\/wp-json\/wp\/v2\/posts\/356304","targetHints":{"allow":["GET"]}}],"collection":[{"href":"https:\/\/www.pcnen.com\/portal\/wp-json\/wp\/v2\/posts"}],"about":[{"href":"https:\/\/www.pcnen.com\/portal\/wp-json\/wp\/v2\/types\/post"}],"author":[{"embeddable":true,"href":"https:\/\/www.pcnen.com\/portal\/wp-json\/wp\/v2\/users\/1"}],"replies":[{"embeddable":true,"href":"https:\/\/www.pcnen.com\/portal\/wp-json\/wp\/v2\/comments?post=356304"}],"version-history":[{"count":1,"href":"https:\/\/www.pcnen.com\/portal\/wp-json\/wp\/v2\/posts\/356304\/revisions"}],"predecessor-version":[{"id":356305,"href":"https:\/\/www.pcnen.com\/portal\/wp-json\/wp\/v2\/posts\/356304\/revisions\/356305"}],"wp:attachment":[{"href":"https:\/\/www.pcnen.com\/portal\/wp-json\/wp\/v2\/media?parent=356304"}],"wp:term":[{"taxonomy":"category","embeddable":true,"href":"https:\/\/www.pcnen.com\/portal\/wp-json\/wp\/v2\/categories?post=356304"},{"taxonomy":"post_tag","embeddable":true,"href":"https:\/\/www.pcnen.com\/portal\/wp-json\/wp\/v2\/tags?post=356304"}],"curies":[{"name":"wp","href":"https:\/\/api.w.org\/{rel}","templated":true}]}}