{"id":356302,"date":"2022-09-30T18:48:36","date_gmt":"2022-09-30T16:48:36","guid":{"rendered":"https:\/\/www.pcnen.com\/portal\/?p=356302"},"modified":"2022-09-30T19:19:32","modified_gmt":"2022-09-30T17:19:32","slug":"nastavak-sjednice-sedmog-vanrednog-zasijedanja-uzivo","status":"publish","type":"post","link":"https:\/\/www.pcnen.com\/portal\/2022\/09\/30\/nastavak-sjednice-sedmog-vanrednog-zasijedanja-uzivo\/","title":{"rendered":"Nastavak sjednice Sedmog vanrednog zasijedanja (u\u017eivo)"},"content":{"rendered":"<p><iframe loading=\"lazy\" title=\"YouTube video player\" src=\"https:\/\/www.youtube.com\/embed\/aZryUeZPeZg\" width=\"560\" height=\"315\" frameborder=\"0\" allowfullscreen=\"allowfullscreen\"><\/iframe><\/p>\n<div class=\"container mx-auto pt-10 pb-4 md:pb-8\">\n<div class=\"w-24\/24 md:w-18\/24 md:pl-4\/24 lg:w-16\/24 lg:pl-1\/24 xl:w-16\/24 xl:pl-2\/24\">\n<p>&nbsp;<\/p>\n<p class=\"font-serif text-20 md:text-26 lg:text-30 xl:text-36 text-gray-700 font-bold leading-125\">\u00a0Dnevni red<\/p>\n<\/div>\n<\/div>\n<div class=\"container mx-auto pb-16 flex flex-col md:flex-row flex-wrap\">\n<div class=\"w-24\/24 lg:w-16\/24 pr-4 mb-8\">\n<div class=\"ui-post py-6 px-0 lg:pl-1\/24 lg:pr-1\/24 xl:pl-3\/24 xl:pr-3\/24\">\n<ol>\n<li><a href=\"https:\/\/zakoni.skupstina.me\/zakoni\/web\/app.php\/akt\/2919\">Predlog za razrje\u0161enje predsjednice Skup\u0161tine Crne Gore Danijele \u0110urovi\u0107<\/a>.<\/li>\n<\/ol>\n<\/div>\n<\/div>\n<\/div>\n","protected":false},"excerpt":{"rendered":"<p>&nbsp; \u00a0Dnevni red Predlog za razrje\u0161enje predsjednice Skup\u0161tine Crne Gore Danijele \u0110urovi\u0107.<\/p>\n","protected":false},"author":1,"featured_media":0,"comment_status":"open","ping_status":"closed","sticky":false,"template":"","format":"standard","meta":{"_seopress_robots_primary_cat":"","_seopress_titles_title":"","_seopress_titles_desc":"","_seopress_robots_index":"","_et_pb_use_builder":"","_et_pb_old_content":"","_et_gb_content_width":"","inline_featured_image":false,"footnotes":""},"categories":[14],"tags":[],"class_list":["post-356302","post","type-post","status-publish","format-standard","hentry","category-vijesti"],"_links":{"self":[{"href":"https:\/\/www.pcnen.com\/portal\/wp-json\/wp\/v2\/posts\/356302","targetHints":{"allow":["GET"]}}],"collection":[{"href":"https:\/\/www.pcnen.com\/portal\/wp-json\/wp\/v2\/posts"}],"about":[{"href":"https:\/\/www.pcnen.com\/portal\/wp-json\/wp\/v2\/types\/post"}],"author":[{"embeddable":true,"href":"https:\/\/www.pcnen.com\/portal\/wp-json\/wp\/v2\/users\/1"}],"replies":[{"embeddable":true,"href":"https:\/\/www.pcnen.com\/portal\/wp-json\/wp\/v2\/comments?post=356302"}],"version-history":[{"count":3,"href":"https:\/\/www.pcnen.com\/portal\/wp-json\/wp\/v2\/posts\/356302\/revisions"}],"predecessor-version":[{"id":356313,"href":"https:\/\/www.pcnen.com\/portal\/wp-json\/wp\/v2\/posts\/356302\/revisions\/356313"}],"wp:attachment":[{"href":"https:\/\/www.pcnen.com\/portal\/wp-json\/wp\/v2\/media?parent=356302"}],"wp:term":[{"taxonomy":"category","embeddable":true,"href":"https:\/\/www.pcnen.com\/portal\/wp-json\/wp\/v2\/categories?post=356302"},{"taxonomy":"post_tag","embeddable":true,"href":"https:\/\/www.pcnen.com\/portal\/wp-json\/wp\/v2\/tags?post=356302"}],"curies":[{"name":"wp","href":"https:\/\/api.w.org\/{rel}","templated":true}]}}