{"id":356283,"date":"2022-09-30T14:20:33","date_gmt":"2022-09-30T12:20:33","guid":{"rendered":"https:\/\/www.pcnen.com\/portal\/?p=356283"},"modified":"2022-09-30T14:20:33","modified_gmt":"2022-09-30T12:20:33","slug":"knezevic-bivsem-ambasadoru-bozovicu-zabranjen-ulazak-u-cg","status":"publish","type":"post","link":"https:\/\/www.pcnen.com\/portal\/2022\/09\/30\/knezevic-bivsem-ambasadoru-bozovicu-zabranjen-ulazak-u-cg\/","title":{"rendered":"Kne\u017eevi\u0107: Biv\u0161em ambasadoru Bo\u017eovi\u0107u zabranjen ulazak u CG"},"content":{"rendered":"<blockquote class=\"twitter-tweet\">\n<p dir=\"ltr\" lang=\"sr\">\u0423\u043f\u0440\u0430\u0432\u043e \u0441\u0430\u043c \u0438\u043d\u0444\u043e\u0440\u043c\u0438\u0441\u0430\u043d \u0434\u0430 \u0458\u0435 \u043d\u0430 \u0437\u0430\u0445\u0442\u0458\u0435\u0432 \u0410\u041d\u0411-\u0430 \u0430\u043c\u0431\u0430\u0441\u0430\u0434\u043e\u0440\u0443 \u0421\u0440\u0431\u0438\u0458\u0435 \u0412\u043b\u0430\u0434\u0438\u043c\u0438\u0440\u0443 \u0411\u043e\u0436\u043e\u0432\u0438\u045b\u0443 \u0437\u0430\u0431\u0440\u0430\u045a\u0435\u043d \u0443\u043b\u0430\u0437\u0430\u043a \u0443 \u0426\u0440\u043d\u0443 \u0413\u043e\u0440\u0443. \u0420\u0430\u043d\u043a\u043e \u041a\u0440\u0438\u0432\u043e\u043a\u0430\u043f\u0438\u045b \u0458\u0435 \u043e\u0434 \u0434\u0430\u043d\u0430\u0441 \u0438 \u0437\u0432\u0430\u043d\u0438\u0447\u043d\u043e \u043f\u0440\u0435\u043c\u0438\u0458\u0435\u0440 \u0446\u0440\u043d\u043e\u0433\u043e\u0440\u0441\u043a\u0435 \u0412\u043b\u0430\u0434\u0435.<br \/>\n\u0421\u0430\u0434 je \u043d\u0430 \u0440\u0435\u0434\u0443 \u0441\u0440\u043f\u0441\u043a\u0438 \u043d\u0430\u0440\u043e\u0434 \u0443 \u0426\u0440\u043d\u043e\u0458 \u0413\u043e\u0440\u0438.<br \/>\n\u041f\u0440\u043e\u0442\u0458\u0435\u0440\u0430\u0458\u043c\u043e \u0421\u0440\u0431\u0435, \u0432\u0440\u0430\u0442\u0438\u043c\u043e \u041a\u0430\u0432\u0447\u0430\u043d\u0435, \u0415\u0423 \u043d\u0435 \u043c\u043e\u0436\u0435 \u0434\u0430 \u0447\u0435\u043a\u0430!<\/p>\n<p>\u2014 Milan Kne\u017eevi\u0107 (@MilanKnezevic80) <a href=\"https:\/\/twitter.com\/MilanKnezevic80\/status\/1575805260475793408?ref_src=twsrc%5Etfw\">September 30, 2022<\/a><\/p><\/blockquote>\n<p><script async src=\"https:\/\/platform.twitter.com\/widgets.js\" charset=\"utf-8\"><\/script><\/p>\n","protected":false},"excerpt":{"rendered":"<p>Predsjednik Demokratske narodne partije i jedan od lidera Demokratskog fronta Milan Kne\u017eevi\u0107 napisao je na Tviteru da je &#8220;na zahtjev ANB-a ambasadoru Srbije Vladimiru Bo\u017eovi\u0107u zabranjen ulazak u Crnu Goru&#8221;.<\/p>\n","protected":false},"author":1,"featured_media":293877,"comment_status":"open","ping_status":"closed","sticky":false,"template":"","format":"standard","meta":{"_seopress_robots_primary_cat":"","_seopress_titles_title":"","_seopress_titles_desc":"","_seopress_robots_index":"","_et_pb_use_builder":"","_et_pb_old_content":"","_et_gb_content_width":"","inline_featured_image":false,"footnotes":""},"categories":[14],"tags":[],"class_list":["post-356283","post","type-post","status-publish","format-standard","has-post-thumbnail","hentry","category-vijesti"],"_links":{"self":[{"href":"https:\/\/www.pcnen.com\/portal\/wp-json\/wp\/v2\/posts\/356283","targetHints":{"allow":["GET"]}}],"collection":[{"href":"https:\/\/www.pcnen.com\/portal\/wp-json\/wp\/v2\/posts"}],"about":[{"href":"https:\/\/www.pcnen.com\/portal\/wp-json\/wp\/v2\/types\/post"}],"author":[{"embeddable":true,"href":"https:\/\/www.pcnen.com\/portal\/wp-json\/wp\/v2\/users\/1"}],"replies":[{"embeddable":true,"href":"https:\/\/www.pcnen.com\/portal\/wp-json\/wp\/v2\/comments?post=356283"}],"version-history":[{"count":1,"href":"https:\/\/www.pcnen.com\/portal\/wp-json\/wp\/v2\/posts\/356283\/revisions"}],"predecessor-version":[{"id":356284,"href":"https:\/\/www.pcnen.com\/portal\/wp-json\/wp\/v2\/posts\/356283\/revisions\/356284"}],"wp:featuredmedia":[{"embeddable":true,"href":"https:\/\/www.pcnen.com\/portal\/wp-json\/wp\/v2\/media\/293877"}],"wp:attachment":[{"href":"https:\/\/www.pcnen.com\/portal\/wp-json\/wp\/v2\/media?parent=356283"}],"wp:term":[{"taxonomy":"category","embeddable":true,"href":"https:\/\/www.pcnen.com\/portal\/wp-json\/wp\/v2\/categories?post=356283"},{"taxonomy":"post_tag","embeddable":true,"href":"https:\/\/www.pcnen.com\/portal\/wp-json\/wp\/v2\/tags?post=356283"}],"curies":[{"name":"wp","href":"https:\/\/api.w.org\/{rel}","templated":true}]}}