{"id":356279,"date":"2022-09-30T13:46:21","date_gmt":"2022-09-30T11:46:21","guid":{"rendered":"https:\/\/www.pcnen.com\/portal\/?p=356279"},"modified":"2022-09-30T13:46:21","modified_gmt":"2022-09-30T11:46:21","slug":"dukanovic-parlament-pokazuje-da-ne-ispunjava-svoje-ustavne-nadleznosti","status":"publish","type":"post","link":"https:\/\/www.pcnen.com\/portal\/2022\/09\/30\/dukanovic-parlament-pokazuje-da-ne-ispunjava-svoje-ustavne-nadleznosti\/","title":{"rendered":"\u0110ukanovi\u0107: Parlament pokazuje da ne ispunjava svoje ustavne nadle\u017enosti"},"content":{"rendered":"<p>Poslanici crnogorskog parlamenta nijesu danas raspravljali o predlogu \u0110ukanovi\u0107a za skra\u0107enje mandata Skup\u0161tini, jer dnevni red vanredne sjednice nije usvojen.<\/p>\n<p>\u0110ukanovi\u0107 je novinarima u Skup\u0161tini rekao da postoje ustavne norme koje su apsolutno jasne, a jedna od njih je da se u roku 30 dana mo\u017ee odrediti mandatar, prenosi Mina.<\/p>\n<p>\u201eTaj rok je potro\u0161en zbog jednog dijela partija ve\u0107ine od 30. avgusta. Ono \u0161to su uradili dan kasnije, mogli su da urade dan ranije\u201c, kazao je \u0110ukanovi\u0107.<\/p>\n<p>On je rekao da je podnio inicijativu za skra\u0107enje mandata Skup\u0161tini, i dodao da su time iscrpili ustavne mogu\u0107nosti.<\/p>\n<p>\u0110ukanovi\u0107 je istakao da je odgovornost za dru\u0161tveno-politi\u010dke interese u parlamentu.<\/p>\n<p>\u201eParlament pokazuje da ne ispunjava svoje ustavne nadle\u017enosti\u201c, kazao je on.<\/p>\n<p>Kako je naveo, jasna je namjera protivnika Crne Gore da poka\u017eu da postoji institucionalna paraliza.<\/p>\n<p>\u201eDanas je namjera da se Crna Gora u\u010dini institucionalno nesposobnom. Imamo politi\u010dku odgovornost u parlamentu, i parlament \u0107e morati da razmi\u0161lja kako da iza\u0111e iz ovog \u0107orsokaka\u201c, poru\u010dio je \u0110ukanovi\u0107.<\/p>\n<blockquote class=\"wp-embedded-content\" data-secret=\"sYRnVeyQWE\"><p><a href=\"https:\/\/www.pcnen.com\/portal\/2022\/09\/30\/poslanici-nijesu-usvojili-dnevni-red-sjednica-zavrsena\/\">Poslanici nijesu usvojili dnevni red, sjednica zavr\u0161ena<\/a><\/p><\/blockquote>\n<p><iframe loading=\"lazy\" class=\"wp-embedded-content\" sandbox=\"allow-scripts\" security=\"restricted\" style=\"position: absolute; clip: rect(1px, 1px, 1px, 1px);\" title=\"&#8220;Poslanici nijesu usvojili dnevni red, sjednica zavr\u0161ena&#8221; &#8212; PCNEN\" src=\"https:\/\/www.pcnen.com\/portal\/2022\/09\/30\/poslanici-nijesu-usvojili-dnevni-red-sjednica-zavrsena\/embed\/#?secret=hUPM9ikgUm#?secret=sYRnVeyQWE\" data-secret=\"sYRnVeyQWE\" width=\"600\" height=\"338\" frameborder=\"0\" marginwidth=\"0\" marginheight=\"0\" scrolling=\"no\"><\/iframe><\/p>\n","protected":false},"excerpt":{"rendered":"<p>Parlament pokazuje da ne ispunjava svoje ustavne nadle\u017enosti, ocijenio je predsjednik dr\u017eave Milo \u0110ukanovi\u0107 i poru\u010dio da je jasna namjera da se Crna Gora u\u010dini institucionalno nesposobnom.<\/p>\n","protected":false},"author":1,"featured_media":0,"comment_status":"open","ping_status":"closed","sticky":false,"template":"","format":"standard","meta":{"_seopress_robots_primary_cat":"","_seopress_titles_title":"","_seopress_titles_desc":"","_seopress_robots_index":"","_et_pb_use_builder":"","_et_pb_old_content":"","_et_gb_content_width":"","inline_featured_image":false,"footnotes":""},"categories":[14],"tags":[],"class_list":["post-356279","post","type-post","status-publish","format-standard","hentry","category-vijesti"],"_links":{"self":[{"href":"https:\/\/www.pcnen.com\/portal\/wp-json\/wp\/v2\/posts\/356279","targetHints":{"allow":["GET"]}}],"collection":[{"href":"https:\/\/www.pcnen.com\/portal\/wp-json\/wp\/v2\/posts"}],"about":[{"href":"https:\/\/www.pcnen.com\/portal\/wp-json\/wp\/v2\/types\/post"}],"author":[{"embeddable":true,"href":"https:\/\/www.pcnen.com\/portal\/wp-json\/wp\/v2\/users\/1"}],"replies":[{"embeddable":true,"href":"https:\/\/www.pcnen.com\/portal\/wp-json\/wp\/v2\/comments?post=356279"}],"version-history":[{"count":1,"href":"https:\/\/www.pcnen.com\/portal\/wp-json\/wp\/v2\/posts\/356279\/revisions"}],"predecessor-version":[{"id":356280,"href":"https:\/\/www.pcnen.com\/portal\/wp-json\/wp\/v2\/posts\/356279\/revisions\/356280"}],"wp:attachment":[{"href":"https:\/\/www.pcnen.com\/portal\/wp-json\/wp\/v2\/media?parent=356279"}],"wp:term":[{"taxonomy":"category","embeddable":true,"href":"https:\/\/www.pcnen.com\/portal\/wp-json\/wp\/v2\/categories?post=356279"},{"taxonomy":"post_tag","embeddable":true,"href":"https:\/\/www.pcnen.com\/portal\/wp-json\/wp\/v2\/tags?post=356279"}],"curies":[{"name":"wp","href":"https:\/\/api.w.org\/{rel}","templated":true}]}}