{"id":356272,"date":"2022-09-30T12:46:57","date_gmt":"2022-09-30T10:46:57","guid":{"rendered":"https:\/\/www.pcnen.com\/portal\/?p=356272"},"modified":"2022-09-30T13:02:16","modified_gmt":"2022-09-30T11:02:16","slug":"sekulovicu-zadrzavanje-do-72-sata-belojevic-na-slobodi","status":"publish","type":"post","link":"https:\/\/www.pcnen.com\/portal\/2022\/09\/30\/sekulovicu-zadrzavanje-do-72-sata-belojevic-na-slobodi\/","title":{"rendered":"Sekulovi\u0107u zadr\u017eavanje do 72 sata, Belojevi\u0107 na slobodi"},"content":{"rendered":"<p>Protiv Belojevi\u0107a i Sekulovi\u0107a podnijeta je krivi\u010dna prijava ubog krivi\u010dnog djela &#8220;nedozvoljeno dr\u017eanje oru\u017eja i eksplozivnih materija&#8221; iz \u010dlana 403 Krivi\u010dnog zakonika Crne Gore.<\/p>\n<p>Prema nezvani\u010dnim informacijama Vijesti policija tokm pretersa Sekulovi\u0107eve i ku\u0107e Belojevi\u0107a je prona\u0161la pi\u0161tolj i nekoliko komada municije.<\/p>\n<blockquote class=\"wp-embedded-content\" data-secret=\"ZrNhF2TGG7\"><p><a href=\"https:\/\/www.pcnen.com\/portal\/2022\/09\/30\/potvrdeno-hapsenje-sekulovica-i-belojevica-zbog-sumnje-na-spijunazu\/\">Potvr\u0111eno hap\u0161enje Sekulovi\u0107a i Belojevi\u0107a zbog sumnje na \u0161pijuna\u017eu<\/a><\/p><\/blockquote>\n<p><iframe loading=\"lazy\" class=\"wp-embedded-content\" sandbox=\"allow-scripts\" security=\"restricted\" style=\"position: absolute; clip: rect(1px, 1px, 1px, 1px);\" title=\"&#8220;Potvr\u0111eno hap\u0161enje Sekulovi\u0107a i Belojevi\u0107a zbog sumnje na \u0161pijuna\u017eu&#8221; &#8212; PCNEN\" src=\"https:\/\/www.pcnen.com\/portal\/2022\/09\/30\/potvrdeno-hapsenje-sekulovica-i-belojevica-zbog-sumnje-na-spijunazu\/embed\/#?secret=e8xFcOCrEN#?secret=ZrNhF2TGG7\" data-secret=\"ZrNhF2TGG7\" width=\"600\" height=\"338\" frameborder=\"0\" marginwidth=\"0\" marginheight=\"0\" scrolling=\"no\"><\/iframe><\/p>\n<p>&nbsp;<\/p>\n<p>&nbsp;<\/p>\n","protected":false},"excerpt":{"rendered":"<p>Biv\u0161em portpartolu Ministarstva vanjskih poslova Radomiru Sekulovi\u0107u odre\u0111eno je zadr\u017eavanje do 72 sata, nakon saslu\u0161anja u ODT-u Podgorica, dok je Vladimir Belojevi\u0107 pu\u0161ten da se brani sa slobode, saznaje TVCG.<\/p>\n","protected":false},"author":1,"featured_media":354932,"comment_status":"open","ping_status":"closed","sticky":false,"template":"","format":"standard","meta":{"_seopress_robots_primary_cat":"","_seopress_titles_title":"","_seopress_titles_desc":"","_seopress_robots_index":"","_et_pb_use_builder":"","_et_pb_old_content":"","_et_gb_content_width":"","inline_featured_image":false,"footnotes":""},"categories":[14],"tags":[],"class_list":["post-356272","post","type-post","status-publish","format-standard","has-post-thumbnail","hentry","category-vijesti"],"_links":{"self":[{"href":"https:\/\/www.pcnen.com\/portal\/wp-json\/wp\/v2\/posts\/356272","targetHints":{"allow":["GET"]}}],"collection":[{"href":"https:\/\/www.pcnen.com\/portal\/wp-json\/wp\/v2\/posts"}],"about":[{"href":"https:\/\/www.pcnen.com\/portal\/wp-json\/wp\/v2\/types\/post"}],"author":[{"embeddable":true,"href":"https:\/\/www.pcnen.com\/portal\/wp-json\/wp\/v2\/users\/1"}],"replies":[{"embeddable":true,"href":"https:\/\/www.pcnen.com\/portal\/wp-json\/wp\/v2\/comments?post=356272"}],"version-history":[{"count":3,"href":"https:\/\/www.pcnen.com\/portal\/wp-json\/wp\/v2\/posts\/356272\/revisions"}],"predecessor-version":[{"id":356278,"href":"https:\/\/www.pcnen.com\/portal\/wp-json\/wp\/v2\/posts\/356272\/revisions\/356278"}],"wp:featuredmedia":[{"embeddable":true,"href":"https:\/\/www.pcnen.com\/portal\/wp-json\/wp\/v2\/media\/354932"}],"wp:attachment":[{"href":"https:\/\/www.pcnen.com\/portal\/wp-json\/wp\/v2\/media?parent=356272"}],"wp:term":[{"taxonomy":"category","embeddable":true,"href":"https:\/\/www.pcnen.com\/portal\/wp-json\/wp\/v2\/categories?post=356272"},{"taxonomy":"post_tag","embeddable":true,"href":"https:\/\/www.pcnen.com\/portal\/wp-json\/wp\/v2\/tags?post=356272"}],"curies":[{"name":"wp","href":"https:\/\/api.w.org\/{rel}","templated":true}]}}