{"id":356269,"date":"2022-09-30T12:43:30","date_gmt":"2022-09-30T10:43:30","guid":{"rendered":"https:\/\/www.pcnen.com\/portal\/?p=356269"},"modified":"2022-09-30T12:43:52","modified_gmt":"2022-09-30T10:43:52","slug":"poslanici-nijesu-usvojili-dnevni-red-sjednica-zavrsena","status":"publish","type":"post","link":"https:\/\/www.pcnen.com\/portal\/2022\/09\/30\/poslanici-nijesu-usvojili-dnevni-red-sjednica-zavrsena\/","title":{"rendered":"Poslanici nijesu usvojili dnevni red, sjednica zavr\u0161ena"},"content":{"rendered":"<p>Predjsednica parlamenta je kazala da je sjednica sazvana na zahtjev predsjednika dr\u017eave koji je do\u0161ao u parlamnetu.<\/p>\n<p>Za je bilo 39, a protiv 41 poslanik, pa nije usvojen denveni red, \u010dime je sjednica zavr\u0161ena.<\/p>\n<blockquote class=\"wp-embedded-content\" data-secret=\"Q7G0Kqcvmj\"><p><a href=\"https:\/\/www.pcnen.com\/portal\/2022\/09\/30\/sjednica-parlamenta-uzivo\/\">Sjednica parlamenta (u\u017eivo)<\/a><\/p><\/blockquote>\n<p><iframe loading=\"lazy\" class=\"wp-embedded-content\" sandbox=\"allow-scripts\" security=\"restricted\" style=\"position: absolute; clip: rect(1px, 1px, 1px, 1px);\" title=\"&#8220;Sjednica parlamenta (u\u017eivo)&#8221; &#8212; PCNEN\" src=\"https:\/\/www.pcnen.com\/portal\/2022\/09\/30\/sjednica-parlamenta-uzivo\/embed\/#?secret=cY0ZwTOYOm#?secret=Q7G0Kqcvmj\" data-secret=\"Q7G0Kqcvmj\" width=\"600\" height=\"338\" frameborder=\"0\" marginwidth=\"0\" marginheight=\"0\" scrolling=\"no\"><\/iframe><\/p>\n","protected":false},"excerpt":{"rendered":"<p>Na dnevnom redu Skup\u0161tine danas je bio predlog predsjednika dr\u017eave Mila \u0110ukanovi\u0107a za skra\u0107enje mandata Skup\u0161tini.<\/p>\n","protected":false},"author":1,"featured_media":280776,"comment_status":"open","ping_status":"closed","sticky":false,"template":"","format":"standard","meta":{"_seopress_robots_primary_cat":"","_seopress_titles_title":"","_seopress_titles_desc":"","_seopress_robots_index":"","_et_pb_use_builder":"","_et_pb_old_content":"","_et_gb_content_width":"","inline_featured_image":false,"footnotes":""},"categories":[14],"tags":[],"class_list":["post-356269","post","type-post","status-publish","format-standard","has-post-thumbnail","hentry","category-vijesti"],"_links":{"self":[{"href":"https:\/\/www.pcnen.com\/portal\/wp-json\/wp\/v2\/posts\/356269","targetHints":{"allow":["GET"]}}],"collection":[{"href":"https:\/\/www.pcnen.com\/portal\/wp-json\/wp\/v2\/posts"}],"about":[{"href":"https:\/\/www.pcnen.com\/portal\/wp-json\/wp\/v2\/types\/post"}],"author":[{"embeddable":true,"href":"https:\/\/www.pcnen.com\/portal\/wp-json\/wp\/v2\/users\/1"}],"replies":[{"embeddable":true,"href":"https:\/\/www.pcnen.com\/portal\/wp-json\/wp\/v2\/comments?post=356269"}],"version-history":[{"count":2,"href":"https:\/\/www.pcnen.com\/portal\/wp-json\/wp\/v2\/posts\/356269\/revisions"}],"predecessor-version":[{"id":356271,"href":"https:\/\/www.pcnen.com\/portal\/wp-json\/wp\/v2\/posts\/356269\/revisions\/356271"}],"wp:featuredmedia":[{"embeddable":true,"href":"https:\/\/www.pcnen.com\/portal\/wp-json\/wp\/v2\/media\/280776"}],"wp:attachment":[{"href":"https:\/\/www.pcnen.com\/portal\/wp-json\/wp\/v2\/media?parent=356269"}],"wp:term":[{"taxonomy":"category","embeddable":true,"href":"https:\/\/www.pcnen.com\/portal\/wp-json\/wp\/v2\/categories?post=356269"},{"taxonomy":"post_tag","embeddable":true,"href":"https:\/\/www.pcnen.com\/portal\/wp-json\/wp\/v2\/tags?post=356269"}],"curies":[{"name":"wp","href":"https:\/\/api.w.org\/{rel}","templated":true}]}}