{"id":356266,"date":"2022-09-30T12:36:21","date_gmt":"2022-09-30T10:36:21","guid":{"rendered":"https:\/\/www.pcnen.com\/portal\/?p=356266"},"modified":"2022-09-30T12:37:21","modified_gmt":"2022-09-30T10:37:21","slug":"sjednica-parlamenta-uzivo","status":"publish","type":"post","link":"https:\/\/www.pcnen.com\/portal\/2022\/09\/30\/sjednica-parlamenta-uzivo\/","title":{"rendered":"Sjednica parlamenta (u\u017eivo)"},"content":{"rendered":"<p><iframe loading=\"lazy\" title=\"YouTube video player\" src=\"https:\/\/www.youtube.com\/embed\/ZjrdQo0Eo9g\" width=\"560\" height=\"315\" frameborder=\"0\" allowfullscreen=\"allowfullscreen\"><\/iframe><\/p>\n<p>&nbsp;<\/p>\n<blockquote class=\"wp-embedded-content\" data-secret=\"YNYN47sClF\"><p><a href=\"https:\/\/www.pcnen.com\/portal\/2022\/09\/30\/skupstina-nece-raspravljati-o-predlogu-predsjednika-dukanovica\/\">Skup\u0161tina ne\u0107e raspravljati o predlogu predsjednika \u0110ukanovi\u0107a?<\/a><\/p><\/blockquote>\n<p><iframe loading=\"lazy\" class=\"wp-embedded-content\" sandbox=\"allow-scripts\" security=\"restricted\" style=\"position: absolute; clip: rect(1px, 1px, 1px, 1px);\" title=\"&#8220;Skup\u0161tina ne\u0107e raspravljati o predlogu predsjednika \u0110ukanovi\u0107a?&#8221; &#8212; PCNEN\" src=\"https:\/\/www.pcnen.com\/portal\/2022\/09\/30\/skupstina-nece-raspravljati-o-predlogu-predsjednika-dukanovica\/embed\/#?secret=5pzT7gSVrn#?secret=YNYN47sClF\" data-secret=\"YNYN47sClF\" width=\"600\" height=\"338\" frameborder=\"0\" marginwidth=\"0\" marginheight=\"0\" scrolling=\"no\"><\/iframe><\/p>\n","protected":false},"excerpt":{"rendered":"<p>Na dnevnom redu je Predlog odluke za skra\u0107enje mandata 27. saziva Skup\u0161tine Crne Gore<\/p>\n","protected":false},"author":1,"featured_media":0,"comment_status":"open","ping_status":"closed","sticky":false,"template":"","format":"standard","meta":{"_seopress_robots_primary_cat":"","_seopress_titles_title":"","_seopress_titles_desc":"","_seopress_robots_index":"","_et_pb_use_builder":"","_et_pb_old_content":"","_et_gb_content_width":"","inline_featured_image":false,"footnotes":""},"categories":[14],"tags":[],"class_list":["post-356266","post","type-post","status-publish","format-standard","hentry","category-vijesti"],"_links":{"self":[{"href":"https:\/\/www.pcnen.com\/portal\/wp-json\/wp\/v2\/posts\/356266","targetHints":{"allow":["GET"]}}],"collection":[{"href":"https:\/\/www.pcnen.com\/portal\/wp-json\/wp\/v2\/posts"}],"about":[{"href":"https:\/\/www.pcnen.com\/portal\/wp-json\/wp\/v2\/types\/post"}],"author":[{"embeddable":true,"href":"https:\/\/www.pcnen.com\/portal\/wp-json\/wp\/v2\/users\/1"}],"replies":[{"embeddable":true,"href":"https:\/\/www.pcnen.com\/portal\/wp-json\/wp\/v2\/comments?post=356266"}],"version-history":[{"count":2,"href":"https:\/\/www.pcnen.com\/portal\/wp-json\/wp\/v2\/posts\/356266\/revisions"}],"predecessor-version":[{"id":356268,"href":"https:\/\/www.pcnen.com\/portal\/wp-json\/wp\/v2\/posts\/356266\/revisions\/356268"}],"wp:attachment":[{"href":"https:\/\/www.pcnen.com\/portal\/wp-json\/wp\/v2\/media?parent=356266"}],"wp:term":[{"taxonomy":"category","embeddable":true,"href":"https:\/\/www.pcnen.com\/portal\/wp-json\/wp\/v2\/categories?post=356266"},{"taxonomy":"post_tag","embeddable":true,"href":"https:\/\/www.pcnen.com\/portal\/wp-json\/wp\/v2\/tags?post=356266"}],"curies":[{"name":"wp","href":"https:\/\/api.w.org\/{rel}","templated":true}]}}