{"id":356261,"date":"2022-09-30T12:03:26","date_gmt":"2022-09-30T10:03:26","guid":{"rendered":"https:\/\/www.pcnen.com\/portal\/?p=356261"},"modified":"2022-09-30T12:13:35","modified_gmt":"2022-09-30T10:13:35","slug":"beogradske-trafike-se-pridruzile-bojkotu-informera","status":"publish","type":"post","link":"https:\/\/www.pcnen.com\/portal\/2022\/09\/30\/beogradske-trafike-se-pridruzile-bojkotu-informera\/","title":{"rendered":"Beogradske trafike se pridru\u017eile bojkotu Informera"},"content":{"rendered":"<p>Na dru\u0161tvenim mre\u017eama pojavile su se fotografije obavje\u0161tenja koje su oka\u010dili vlasnici nekih prodavnica prehrambene robe u Beogradu na kojima pi\u0161e da su tabloid Informer povukli sa polica. Naravno, povod je skandalozan intervju sa serijskim silovateljem Igorom Milo\u0161evi\u0107em.<\/p>\n<p>\u201ePo\u0161tovani potro\u0161a\u010di, iz po\u0161tovanja prema na\u0161im bakama, mamama, \u017eenama, sestrama, danas ne\u0107emo prodavati novine \u201eInformer\u201c, pi\u0161e u saop\u0161tenju na ulaznim vratima.<\/p>\n<p>Tako\u0111e, Instagram stranica pod nazivom \u201eNaslovne strane 365\u201c, koja svakog dana\u00a0 objavljuje aktuelne naslovnica svih novina sa teritorije Srbije, upadljivo je izostavila naslovnicu Informera na kojoj je glavna pri\u010da intervju sa silovateljem i time jasno iskazala svoj stav, pi\u0161e Danas.<\/p>\n<p>Savet za \u0161tampu upozorio je da je objavljivanjem ispovijesti osu\u0111enog silovatelja koji je odslu\u017eio zatvorsku kaznu, list Informer prekr\u0161io vi\u0161e ta\u010daka Kodeksa novinara Srbije i suprotno na\u010delu odgovornosti medija ponizio \u017ertve, uznemirio javnost i zastra\u0161io svoje \u010ditaoce.<\/p>\n<p>Nekoliko stotina gra\u0111ana protestovalo je prekju\u010de ispred redakcije Informera kako bi iskazali protivljenje objavljivanju intervjua sa osu\u0111enim silovateljem Igorom Milo\u0161evi\u0107em, koji je taj medij pustio u javnost.<\/p>\n<blockquote class=\"wp-embedded-content\" data-secret=\"YgXSj2SZZj\"><p><a href=\"https:\/\/www.pcnen.com\/portal\/2022\/09\/28\/protest-ispred-informera-zbog-intervjua-sa-osudivanim-silovateljem-video\/\">Protest ispred Informera zbog intervjua sa osu\u0111ivanim silovateljem (video)<\/a><\/p><\/blockquote>\n<p><iframe loading=\"lazy\" class=\"wp-embedded-content\" sandbox=\"allow-scripts\" security=\"restricted\" style=\"position: absolute; clip: rect(1px, 1px, 1px, 1px);\" title=\"&#8220;Protest ispred Informera zbog intervjua sa osu\u0111ivanim silovateljem (video)&#8221; &#8212; PCNEN\" src=\"https:\/\/www.pcnen.com\/portal\/2022\/09\/28\/protest-ispred-informera-zbog-intervjua-sa-osudivanim-silovateljem-video\/embed\/#?secret=sdqLh2o1vz#?secret=YgXSj2SZZj\" data-secret=\"YgXSj2SZZj\" width=\"600\" height=\"338\" frameborder=\"0\" marginwidth=\"0\" marginheight=\"0\" scrolling=\"no\"><\/iframe><\/p>\n","protected":false},"excerpt":{"rendered":"<p>\u201eMegaekskluzivan \u201c intervju sa serijskim silovateljem I. M. koji je prije dva dana objavio Informer, izazvao je burne reakcije institucija, proteste ispred redakcije pomenutog tabloida, a sada su se bojkotu pridru\u017eile i neke beogradske prodavnice i trafike.<\/p>\n","protected":false},"author":1,"featured_media":356265,"comment_status":"open","ping_status":"closed","sticky":false,"template":"","format":"standard","meta":{"_seopress_robots_primary_cat":"","_seopress_titles_title":"","_seopress_titles_desc":"","_seopress_robots_index":"","_et_pb_use_builder":"","_et_pb_old_content":"","_et_gb_content_width":"","inline_featured_image":false,"footnotes":""},"categories":[14],"tags":[],"class_list":["post-356261","post","type-post","status-publish","format-standard","has-post-thumbnail","hentry","category-vijesti"],"_links":{"self":[{"href":"https:\/\/www.pcnen.com\/portal\/wp-json\/wp\/v2\/posts\/356261","targetHints":{"allow":["GET"]}}],"collection":[{"href":"https:\/\/www.pcnen.com\/portal\/wp-json\/wp\/v2\/posts"}],"about":[{"href":"https:\/\/www.pcnen.com\/portal\/wp-json\/wp\/v2\/types\/post"}],"author":[{"embeddable":true,"href":"https:\/\/www.pcnen.com\/portal\/wp-json\/wp\/v2\/users\/1"}],"replies":[{"embeddable":true,"href":"https:\/\/www.pcnen.com\/portal\/wp-json\/wp\/v2\/comments?post=356261"}],"version-history":[{"count":1,"href":"https:\/\/www.pcnen.com\/portal\/wp-json\/wp\/v2\/posts\/356261\/revisions"}],"predecessor-version":[{"id":356263,"href":"https:\/\/www.pcnen.com\/portal\/wp-json\/wp\/v2\/posts\/356261\/revisions\/356263"}],"wp:featuredmedia":[{"embeddable":true,"href":"https:\/\/www.pcnen.com\/portal\/wp-json\/wp\/v2\/media\/356265"}],"wp:attachment":[{"href":"https:\/\/www.pcnen.com\/portal\/wp-json\/wp\/v2\/media?parent=356261"}],"wp:term":[{"taxonomy":"category","embeddable":true,"href":"https:\/\/www.pcnen.com\/portal\/wp-json\/wp\/v2\/categories?post=356261"},{"taxonomy":"post_tag","embeddable":true,"href":"https:\/\/www.pcnen.com\/portal\/wp-json\/wp\/v2\/tags?post=356261"}],"curies":[{"name":"wp","href":"https:\/\/api.w.org\/{rel}","templated":true}]}}