{"id":356259,"date":"2022-09-30T11:26:03","date_gmt":"2022-09-30T09:26:03","guid":{"rendered":"https:\/\/www.pcnen.com\/portal\/?p=356259"},"modified":"2022-09-30T11:26:03","modified_gmt":"2022-09-30T09:26:03","slug":"potvrdeno-hapsenje-sekulovica-i-belojevica-zbog-sumnje-na-spijunazu","status":"publish","type":"post","link":"https:\/\/www.pcnen.com\/portal\/2022\/09\/30\/potvrdeno-hapsenje-sekulovica-i-belojevica-zbog-sumnje-na-spijunazu\/","title":{"rendered":"Potvr\u0111eno hap\u0161enje Sekulovi\u0107a i Belojevi\u0107a zbog sumnje na \u0161pijuna\u017eu"},"content":{"rendered":"<p>Hap\u0161enja su uslijedila nakon ju\u010dera\u0161njih pretresa njihovih ku\u0107a i prostorija, a koji su, po naredbi Vi\u0161eg suda u Podgorici, sprovedeni na zahtjev Specijalnog dr\u017eavnog tu\u017eila\u0161tva.<\/p>\n<p>\u201cNa zahtjev Specijalnog drzavnog tuzila\u0161tva, podnijet na osnovu obavje\u0161tenja koje je prikupila i dostavila Agencija za nacionalnu bezbjednost, a po naredbi Vi\u0161eg suda u Podgorici, policija je izvr\u0161ila pretresanje stanova i drugih prostorija vi\u0161e gra\u0111ana, zbog osnova sumnje da su u\u010dinjena krivi\u010dna djela stvaranje kriminalne organizacije i \u0161pijuna\u017ea. Nakon pretresanja, dvije osobe su uhap\u0161ene i protiv njih je policija podnijela krivi\u010dne prijave Osnovnom dr\u017eavnom tu\u017eila\u0161tvu u Podgorici\u201d, saop\u0161tio je danas portparol Specijalnog tu\u017eila\u0161tva, dr\u017eavni tu\u017eilac Vukas Radonji\u0107.<\/p>\n<p>Izvi\u0111aj za krivi\u010dna djela stvaranje kriminalne organizacije i \u0161pijuna\u017ea, naveo je on, u toku je pred\u00a0 tu\u017eila\u0161tvom.<\/p>\n<blockquote class=\"wp-embedded-content\" data-secret=\"ZlJQ4zohi8\"><p><a href=\"https:\/\/www.pcnen.com\/portal\/2022\/09\/29\/uhapsen-radomir-sekulovic-bivsi-portparol-mvp\/\">Uhap\u0161en Radomir Sekulovi\u0107, biv\u0161i portparol MVP<\/a><\/p><\/blockquote>\n<p><iframe loading=\"lazy\" class=\"wp-embedded-content\" sandbox=\"allow-scripts\" security=\"restricted\" style=\"position: absolute; clip: rect(1px, 1px, 1px, 1px);\" title=\"&#8220;Uhap\u0161en Radomir Sekulovi\u0107, biv\u0161i portparol MVP&#8221; &#8212; PCNEN\" src=\"https:\/\/www.pcnen.com\/portal\/2022\/09\/29\/uhapsen-radomir-sekulovic-bivsi-portparol-mvp\/embed\/#?secret=kg6UN9xvGE#?secret=ZlJQ4zohi8\" data-secret=\"ZlJQ4zohi8\" width=\"600\" height=\"338\" frameborder=\"0\" marginwidth=\"0\" marginheight=\"0\" scrolling=\"no\"><\/iframe><\/p>\n","protected":false},"excerpt":{"rendered":"<p>Podgori\u010dani Radomir Sekulovi\u0107 i Vladimir Belojevi\u0107 uhap\u0161eni su zbog sumnje da su izvr\u0161ili krivi\u010dna djela stvaranje kriminalne organizacije i \u0161pijuna\u017ea, saznaje Libertas.<\/p>\n","protected":false},"author":1,"featured_media":0,"comment_status":"open","ping_status":"closed","sticky":false,"template":"","format":"standard","meta":{"_seopress_robots_primary_cat":"","_seopress_titles_title":"","_seopress_titles_desc":"","_seopress_robots_index":"","_et_pb_use_builder":"","_et_pb_old_content":"","_et_gb_content_width":"","inline_featured_image":false,"footnotes":""},"categories":[14],"tags":[],"class_list":["post-356259","post","type-post","status-publish","format-standard","hentry","category-vijesti"],"_links":{"self":[{"href":"https:\/\/www.pcnen.com\/portal\/wp-json\/wp\/v2\/posts\/356259","targetHints":{"allow":["GET"]}}],"collection":[{"href":"https:\/\/www.pcnen.com\/portal\/wp-json\/wp\/v2\/posts"}],"about":[{"href":"https:\/\/www.pcnen.com\/portal\/wp-json\/wp\/v2\/types\/post"}],"author":[{"embeddable":true,"href":"https:\/\/www.pcnen.com\/portal\/wp-json\/wp\/v2\/users\/1"}],"replies":[{"embeddable":true,"href":"https:\/\/www.pcnen.com\/portal\/wp-json\/wp\/v2\/comments?post=356259"}],"version-history":[{"count":1,"href":"https:\/\/www.pcnen.com\/portal\/wp-json\/wp\/v2\/posts\/356259\/revisions"}],"predecessor-version":[{"id":356260,"href":"https:\/\/www.pcnen.com\/portal\/wp-json\/wp\/v2\/posts\/356259\/revisions\/356260"}],"wp:attachment":[{"href":"https:\/\/www.pcnen.com\/portal\/wp-json\/wp\/v2\/media?parent=356259"}],"wp:term":[{"taxonomy":"category","embeddable":true,"href":"https:\/\/www.pcnen.com\/portal\/wp-json\/wp\/v2\/categories?post=356259"},{"taxonomy":"post_tag","embeddable":true,"href":"https:\/\/www.pcnen.com\/portal\/wp-json\/wp\/v2\/tags?post=356259"}],"curies":[{"name":"wp","href":"https:\/\/api.w.org\/{rel}","templated":true}]}}