{"id":356245,"date":"2022-09-30T07:33:39","date_gmt":"2022-09-30T05:33:39","guid":{"rendered":"https:\/\/www.pcnen.com\/portal\/?p=356245"},"modified":"2022-09-30T07:33:39","modified_gmt":"2022-09-30T05:33:39","slug":"skupstina-nece-raspravljati-o-predlogu-predsjednika-dukanovica","status":"publish","type":"post","link":"https:\/\/www.pcnen.com\/portal\/2022\/09\/30\/skupstina-nece-raspravljati-o-predlogu-predsjednika-dukanovica\/","title":{"rendered":"Skup\u0161tina ne\u0107e raspravljati o predlogu predsjednika \u0110ukanovi\u0107a?"},"content":{"rendered":"<p>Prema navodima Vijesti, parlamenarna ve\u0107ina se saglasila da ne\u0107e podr\u017eati dnevni red.<\/p>\n<p>Klju\u010dni skup\u0161tinski odbori su ju\u010de odbili da raspravljaju o predlogu bez prisustva \u0161efa dr\u017eave, koji je na sjednice poslao svoje savjetnike.<\/p>\n<p>&nbsp;<\/p>\n<blockquote class=\"wp-embedded-content\" data-secret=\"1F2qXX1VfH\"><p><a href=\"https:\/\/www.pcnen.com\/portal\/2022\/09\/29\/dukanovic-nije-dosao-odgodena-rasprava-o-skracenju-mandata-skupstini\/\">\u0110ukanovi\u0107 nije do\u0161ao, odgo\u0111ena rasprava o skra\u0107enju mandata skup\u0161tini<\/a><\/p><\/blockquote>\n<p><iframe loading=\"lazy\" class=\"wp-embedded-content\" sandbox=\"allow-scripts\" security=\"restricted\" style=\"position: absolute; clip: rect(1px, 1px, 1px, 1px);\" title=\"&#8220;\u0110ukanovi\u0107 nije do\u0161ao, odgo\u0111ena rasprava o skra\u0107enju mandata skup\u0161tini&#8221; &#8212; PCNEN\" src=\"https:\/\/www.pcnen.com\/portal\/2022\/09\/29\/dukanovic-nije-dosao-odgodena-rasprava-o-skracenju-mandata-skupstini\/embed\/#?secret=WSGJkCkDgF#?secret=1F2qXX1VfH\" data-secret=\"1F2qXX1VfH\" width=\"600\" height=\"338\" frameborder=\"0\" marginwidth=\"0\" marginheight=\"0\" scrolling=\"no\"><\/iframe><\/p>\n","protected":false},"excerpt":{"rendered":"<p>Portal Vijesti je objavio da vjerovatno ne\u0107e biti danas odr\u017eana zakazana sjednica Skup\u0161tine Crne Gore na kojoj bi se raspravljalo o predlogu predsjednika dr\u017eave Mila \u0110ukanovi\u0107a da bude skra\u0107en mandat Skup\u0161tini.<\/p>\n","protected":false},"author":1,"featured_media":0,"comment_status":"open","ping_status":"closed","sticky":false,"template":"","format":"standard","meta":{"_seopress_robots_primary_cat":"","_seopress_titles_title":"","_seopress_titles_desc":"","_seopress_robots_index":"","_et_pb_use_builder":"","_et_pb_old_content":"","_et_gb_content_width":"","inline_featured_image":false,"footnotes":""},"categories":[14],"tags":[],"class_list":["post-356245","post","type-post","status-publish","format-standard","hentry","category-vijesti"],"_links":{"self":[{"href":"https:\/\/www.pcnen.com\/portal\/wp-json\/wp\/v2\/posts\/356245","targetHints":{"allow":["GET"]}}],"collection":[{"href":"https:\/\/www.pcnen.com\/portal\/wp-json\/wp\/v2\/posts"}],"about":[{"href":"https:\/\/www.pcnen.com\/portal\/wp-json\/wp\/v2\/types\/post"}],"author":[{"embeddable":true,"href":"https:\/\/www.pcnen.com\/portal\/wp-json\/wp\/v2\/users\/1"}],"replies":[{"embeddable":true,"href":"https:\/\/www.pcnen.com\/portal\/wp-json\/wp\/v2\/comments?post=356245"}],"version-history":[{"count":1,"href":"https:\/\/www.pcnen.com\/portal\/wp-json\/wp\/v2\/posts\/356245\/revisions"}],"predecessor-version":[{"id":356246,"href":"https:\/\/www.pcnen.com\/portal\/wp-json\/wp\/v2\/posts\/356245\/revisions\/356246"}],"wp:attachment":[{"href":"https:\/\/www.pcnen.com\/portal\/wp-json\/wp\/v2\/media?parent=356245"}],"wp:term":[{"taxonomy":"category","embeddable":true,"href":"https:\/\/www.pcnen.com\/portal\/wp-json\/wp\/v2\/categories?post=356245"},{"taxonomy":"post_tag","embeddable":true,"href":"https:\/\/www.pcnen.com\/portal\/wp-json\/wp\/v2\/tags?post=356245"}],"curies":[{"name":"wp","href":"https:\/\/api.w.org\/{rel}","templated":true}]}}