{"id":356236,"date":"2022-09-29T22:01:23","date_gmt":"2022-09-29T20:01:23","guid":{"rendered":"https:\/\/www.pcnen.com\/portal\/?p=356236"},"modified":"2022-09-29T22:01:23","modified_gmt":"2022-09-29T20:01:23","slug":"najvisa-dnevna-temperatura-do-25-stepeni-2","status":"publish","type":"post","link":"https:\/\/www.pcnen.com\/portal\/2022\/09\/29\/najvisa-dnevna-temperatura-do-25-stepeni-2\/","title":{"rendered":"Najvi\u0161a dnevna temperatura do 25 stepeni"},"content":{"rendered":"<p>Na krajnjem sjeveru bi\u0107e uglavnom suvo sa sun\u010danim intervalima, kojih \u0107e popodne biti i u ve\u0107em dijelu zemlje.<\/p>\n<p>Vjetar s juga \u0107e biti mjestimi\u010dno umjeren do jak.<\/p>\n<p>Jutarnja temperatura vazduha bi\u0107e u rasponu od 10 do 20, a najvi\u0161a dnevna od 15 do 25 stepeni.<\/p>\n<p>U Podgorici \u0107e ujutru, a mogu\u0107e i prijepodne, biti prete\u017eno obla\u010dno, sa ki\u0161om, pljuskovima i grmljavinom, Nakon toga \u0107e uslijediti sun\u010dani periodi.<\/p>\n<p>Vjetar s juga bi\u0107e slab do umjeren, a kratkotrajno i poja\u010dan.<\/p>\n<p>Jutarnja temperatura vazduha bi\u0107e oko 16, a najvi\u0161a dnevna 21 stepen.<\/p>\n<p><a href=\"http:\/\/www.meteo.co.me\/page.php?id=31\" target=\"_blank\" rel=\"noopener\">Ra\u010dunarska prognoza.<\/a><\/p>\n","protected":false},"excerpt":{"rendered":"<p>U Crnoj Gori bi\u0107e umjereno do potpuno obla\u010dno; ki\u0161a \u0107e padati povremeno, nekad u formi pljuskova uz grmljavinu, naro\u010dito u ju\u017enim i centralnim krajevima u ranim jutarnjim i prijepodnevnim satima.<\/p>\n","protected":false},"author":1,"featured_media":0,"comment_status":"open","ping_status":"closed","sticky":false,"template":"","format":"standard","meta":{"_seopress_robots_primary_cat":"","_seopress_titles_title":"","_seopress_titles_desc":"","_seopress_robots_index":"","_et_pb_use_builder":"","_et_pb_old_content":"","_et_gb_content_width":"","inline_featured_image":false,"footnotes":""},"categories":[14],"tags":[],"class_list":["post-356236","post","type-post","status-publish","format-standard","hentry","category-vijesti"],"_links":{"self":[{"href":"https:\/\/www.pcnen.com\/portal\/wp-json\/wp\/v2\/posts\/356236","targetHints":{"allow":["GET"]}}],"collection":[{"href":"https:\/\/www.pcnen.com\/portal\/wp-json\/wp\/v2\/posts"}],"about":[{"href":"https:\/\/www.pcnen.com\/portal\/wp-json\/wp\/v2\/types\/post"}],"author":[{"embeddable":true,"href":"https:\/\/www.pcnen.com\/portal\/wp-json\/wp\/v2\/users\/1"}],"replies":[{"embeddable":true,"href":"https:\/\/www.pcnen.com\/portal\/wp-json\/wp\/v2\/comments?post=356236"}],"version-history":[{"count":1,"href":"https:\/\/www.pcnen.com\/portal\/wp-json\/wp\/v2\/posts\/356236\/revisions"}],"predecessor-version":[{"id":356237,"href":"https:\/\/www.pcnen.com\/portal\/wp-json\/wp\/v2\/posts\/356236\/revisions\/356237"}],"wp:attachment":[{"href":"https:\/\/www.pcnen.com\/portal\/wp-json\/wp\/v2\/media?parent=356236"}],"wp:term":[{"taxonomy":"category","embeddable":true,"href":"https:\/\/www.pcnen.com\/portal\/wp-json\/wp\/v2\/categories?post=356236"},{"taxonomy":"post_tag","embeddable":true,"href":"https:\/\/www.pcnen.com\/portal\/wp-json\/wp\/v2\/tags?post=356236"}],"curies":[{"name":"wp","href":"https:\/\/api.w.org\/{rel}","templated":true}]}}