{"id":356188,"date":"2022-09-29T12:57:37","date_gmt":"2022-09-29T10:57:37","guid":{"rendered":"https:\/\/www.pcnen.com\/portal\/?p=356188"},"modified":"2022-09-29T13:07:37","modified_gmt":"2022-09-29T11:07:37","slug":"peskov-sjutra-ceremonija-pridruzivanja-cetiri-teritorije-ukrajine-rusiji","status":"publish","type":"post","link":"https:\/\/www.pcnen.com\/portal\/2022\/09\/29\/peskov-sjutra-ceremonija-pridruzivanja-cetiri-teritorije-ukrajine-rusiji\/","title":{"rendered":"Peskov: Sjutra ceremonija pridru\u017eivanja \u010detiri teritorije Ukrajine Rusiji"},"content":{"rendered":"<p>Portparol Kremlja Dmitrij Peskov rekao je da c\u0301e se u petak u 15.00 po moskovskom vremenu (14.00 po srednjeevropskom vremenu) odr\u017eati ceremonija potpisivanja &#8220;sporazuma o pristupanju novih teritorija Ruskoj Federaciji&#8221;.<\/p>\n<p>Sporazumi c\u0301e biti potpisani &#8220;sa sve \u010detiri teritorije koje su odr\u017eale referendume i uputile odgovarajuc\u0301e zahtjeve ruskoj strani&#8221;, rekao je Peskov.<\/p>\n<p>Poslije ceremonije potpisivanja u Kremlju, Putin c\u0301e odr\u017eati govor i sastac\u0301e se sa administratorima ukrajinskih regiona koje je imenovala Moskva, saop\u0161tio je Kremlj.<\/p>\n<p>Referendumi su na Zapadu okarakterisani kao nezakoniti i nelegitimni.<\/p>\n<p>Putinova odluka da uklju\u010di te regione u sastav Rusije zna\u010di da c\u0301e Moskva pripojiti ogromna podru\u010dja \u0161irom isto\u010dne i ju\u017ene Ukrajine, koja predstavljaju oko 15 posto ukupne teritorije Ukrajine.<\/p>\n<p>Zvani\u010dnici koje podr\u017eava Rusija u \u010detiri regiona Ukrajine pod kontrolom ruskih snaga rekli su da su referendumi pokazali da je ogromna vec\u0301ina njihovog stanovni\u0161tva glasala za pridru\u017eivanje Rusiji u glasovima koje su Ukrajina i Zapad proglasili &#8220;la\u017enim&#8221;.<\/p>\n","protected":false},"excerpt":{"rendered":"<p>Predsjednik Rusije Vladimir Putin odr\u017eac\u0301e u petak, 30. Septembra, u Kremlju ceremoniju potpisivanja pridru\u017eivanja \u010detiri teritorije Ukrajine Rusiji, rekao je njegov portparol, prenosi Rojters.<\/p>\n","protected":false},"author":1,"featured_media":0,"comment_status":"open","ping_status":"closed","sticky":false,"template":"","format":"standard","meta":{"_seopress_robots_primary_cat":"","_seopress_titles_title":"","_seopress_titles_desc":"","_seopress_robots_index":"","_et_pb_use_builder":"","_et_pb_old_content":"","_et_gb_content_width":"","inline_featured_image":false,"footnotes":""},"categories":[14],"tags":[],"class_list":["post-356188","post","type-post","status-publish","format-standard","hentry","category-vijesti"],"_links":{"self":[{"href":"https:\/\/www.pcnen.com\/portal\/wp-json\/wp\/v2\/posts\/356188","targetHints":{"allow":["GET"]}}],"collection":[{"href":"https:\/\/www.pcnen.com\/portal\/wp-json\/wp\/v2\/posts"}],"about":[{"href":"https:\/\/www.pcnen.com\/portal\/wp-json\/wp\/v2\/types\/post"}],"author":[{"embeddable":true,"href":"https:\/\/www.pcnen.com\/portal\/wp-json\/wp\/v2\/users\/1"}],"replies":[{"embeddable":true,"href":"https:\/\/www.pcnen.com\/portal\/wp-json\/wp\/v2\/comments?post=356188"}],"version-history":[{"count":4,"href":"https:\/\/www.pcnen.com\/portal\/wp-json\/wp\/v2\/posts\/356188\/revisions"}],"predecessor-version":[{"id":356198,"href":"https:\/\/www.pcnen.com\/portal\/wp-json\/wp\/v2\/posts\/356188\/revisions\/356198"}],"wp:attachment":[{"href":"https:\/\/www.pcnen.com\/portal\/wp-json\/wp\/v2\/media?parent=356188"}],"wp:term":[{"taxonomy":"category","embeddable":true,"href":"https:\/\/www.pcnen.com\/portal\/wp-json\/wp\/v2\/categories?post=356188"},{"taxonomy":"post_tag","embeddable":true,"href":"https:\/\/www.pcnen.com\/portal\/wp-json\/wp\/v2\/tags?post=356188"}],"curies":[{"name":"wp","href":"https:\/\/api.w.org\/{rel}","templated":true}]}}