{"id":356182,"date":"2022-09-29T12:08:13","date_gmt":"2022-09-29T10:08:13","guid":{"rendered":"https:\/\/www.pcnen.com\/portal\/?p=356182"},"modified":"2022-09-29T12:08:13","modified_gmt":"2022-09-29T10:08:13","slug":"dukanovic-nije-dosao-odgodena-rasprava-o-skracenju-mandata-skupstini","status":"publish","type":"post","link":"https:\/\/www.pcnen.com\/portal\/2022\/09\/29\/dukanovic-nije-dosao-odgodena-rasprava-o-skracenju-mandata-skupstini\/","title":{"rendered":"\u0110ukanovi\u0107 nije do\u0161ao, odgo\u0111ena rasprava o skra\u0107enju mandata skup\u0161tini"},"content":{"rendered":"<p>Na sjednicu Odbora do\u0161li su \u0110ukanovi\u0107evi savjetnici, pa je predsjednica Odbora Maja Vuki\u0107evi\u0107 navela da nema uslova da se raspravlja o toj ta\u010dki dnevnog reda.<\/p>\n<p>\u201cDok ne do\u0111e predlaga\u010d ne mo\u017eemo razmatrati ovu ta\u010dku\u201d, poru\u010dila je Vuki\u0107evi\u0107 i dodala da ne opstruira raspravu o skra\u0107enju mandata Skup\u0161tini.<\/p>\n<p>Vuki\u0107evi\u0107 je navela da je ve\u0107 jednom odgodila sjednicu jer joj je re\u010deno iz DPS da \u0107e predsjednik dr\u017eave danas do\u0107i na sjednicu. Navela je i da je spremna jo\u0161 jednom da odgodi sjednicu.<\/p>\n<p>&#8220;Ja \u0107u ovu sjednicu jo\u0161 jednom odgoditi dok se ne steknu uslovi da se sjednica odr\u017ei&#8221;, navela je Vuki\u0107evi\u0107.<\/p>\n<p>Crnogorski parlament \u0107e o predlogu \u0110ukanovi\u0107a raspravljati na sjednici koja je zakazana za petak, 30. septembar.<\/p>\n<p>&nbsp;<\/p>\n<blockquote class=\"wp-embedded-content\" data-secret=\"8qTcyMARvN\"><p><a href=\"https:\/\/www.pcnen.com\/portal\/2022\/09\/29\/zasijeda-zakonodavni-odbor-uzivo\/\">Zasijeda Zakonodavni odbor (u\u017eivo)<\/a><\/p><\/blockquote>\n<p><iframe loading=\"lazy\" class=\"wp-embedded-content\" sandbox=\"allow-scripts\" security=\"restricted\" style=\"position: absolute; clip: rect(1px, 1px, 1px, 1px);\" title=\"&#8220;Zasijeda Zakonodavni odbor (u\u017eivo)&#8221; &#8212; PCNEN\" src=\"https:\/\/www.pcnen.com\/portal\/2022\/09\/29\/zasijeda-zakonodavni-odbor-uzivo\/embed\/#?secret=UGDFsMU0s2#?secret=8qTcyMARvN\" data-secret=\"8qTcyMARvN\" width=\"600\" height=\"338\" frameborder=\"0\" marginwidth=\"0\" marginheight=\"0\" scrolling=\"no\"><\/iframe><\/p>\n","protected":false},"excerpt":{"rendered":"<p>Zakonodavni odbor Skup\u0161tine Crne Gore odgodio je raspravu o predlogu crnogorskog predsjednika Mila \u0110ukanovi\u0107a za skra\u0107enje mandata 27. saziva parlamenta, jer predsjednik dr\u017eave nije do\u0161ao na sjednicu.<\/p>\n","protected":false},"author":1,"featured_media":0,"comment_status":"open","ping_status":"closed","sticky":false,"template":"","format":"standard","meta":{"_seopress_robots_primary_cat":"","_seopress_titles_title":"","_seopress_titles_desc":"","_seopress_robots_index":"","_et_pb_use_builder":"","_et_pb_old_content":"","_et_gb_content_width":"","inline_featured_image":false,"footnotes":""},"categories":[14],"tags":[],"class_list":["post-356182","post","type-post","status-publish","format-standard","hentry","category-vijesti"],"_links":{"self":[{"href":"https:\/\/www.pcnen.com\/portal\/wp-json\/wp\/v2\/posts\/356182","targetHints":{"allow":["GET"]}}],"collection":[{"href":"https:\/\/www.pcnen.com\/portal\/wp-json\/wp\/v2\/posts"}],"about":[{"href":"https:\/\/www.pcnen.com\/portal\/wp-json\/wp\/v2\/types\/post"}],"author":[{"embeddable":true,"href":"https:\/\/www.pcnen.com\/portal\/wp-json\/wp\/v2\/users\/1"}],"replies":[{"embeddable":true,"href":"https:\/\/www.pcnen.com\/portal\/wp-json\/wp\/v2\/comments?post=356182"}],"version-history":[{"count":1,"href":"https:\/\/www.pcnen.com\/portal\/wp-json\/wp\/v2\/posts\/356182\/revisions"}],"predecessor-version":[{"id":356183,"href":"https:\/\/www.pcnen.com\/portal\/wp-json\/wp\/v2\/posts\/356182\/revisions\/356183"}],"wp:attachment":[{"href":"https:\/\/www.pcnen.com\/portal\/wp-json\/wp\/v2\/media?parent=356182"}],"wp:term":[{"taxonomy":"category","embeddable":true,"href":"https:\/\/www.pcnen.com\/portal\/wp-json\/wp\/v2\/categories?post=356182"},{"taxonomy":"post_tag","embeddable":true,"href":"https:\/\/www.pcnen.com\/portal\/wp-json\/wp\/v2\/tags?post=356182"}],"curies":[{"name":"wp","href":"https:\/\/api.w.org\/{rel}","templated":true}]}}