{"id":356180,"date":"2022-09-29T11:35:12","date_gmt":"2022-09-29T09:35:12","guid":{"rendered":"https:\/\/www.pcnen.com\/portal\/?p=356180"},"modified":"2022-09-29T11:35:12","modified_gmt":"2022-09-29T09:35:12","slug":"abazovic-akcija-sdt-ima-za-cilj-ocuvanje-nacionalnih-interesa-cg","status":"publish","type":"post","link":"https:\/\/www.pcnen.com\/portal\/2022\/09\/29\/abazovic-akcija-sdt-ima-za-cilj-ocuvanje-nacionalnih-interesa-cg\/","title":{"rendered":"Abazovi\u0107: Akcija SDT ima za cilj o\u010duvanje nacionalnih interesa CG"},"content":{"rendered":"<p>Abazovi\u0107 je na sjednici Vlade rekao da je u pitanju akcija koja se realizuje u saradnji sa me\u0111unarodnim partnerima.<\/p>\n<p>&#8220;Akcija ima za cilj o\u010duvanje nacionalnih interesa Crne Gore&#8221;, rekao je Abazovi\u0107 na sjdnici Vlade.<\/p>\n<blockquote class=\"wp-embedded-content\" data-secret=\"etjDENKQV0\"><p><a href=\"https:\/\/www.pcnen.com\/portal\/2022\/09\/29\/u-podgorici-uhapseno-vise-osoba-zbog-sumnje-da-su-radile-za-obavjestajnu-sluzbu-rusije\/\">U Podgorici uhap\u0161eno vi\u0161e osoba zbog sumnje da su radile za obavje\u0161tajnu slu\u017ebu Rusije<\/a><\/p><\/blockquote>\n<p><iframe loading=\"lazy\" class=\"wp-embedded-content\" sandbox=\"allow-scripts\" security=\"restricted\" style=\"position: absolute; clip: rect(1px, 1px, 1px, 1px);\" title=\"&#8220;U Podgorici uhap\u0161eno vi\u0161e osoba zbog sumnje da su radile za obavje\u0161tajnu slu\u017ebu Rusije&#8221; &#8212; PCNEN\" src=\"https:\/\/www.pcnen.com\/portal\/2022\/09\/29\/u-podgorici-uhapseno-vise-osoba-zbog-sumnje-da-su-radile-za-obavjestajnu-sluzbu-rusije\/embed\/#?secret=1W1wDlNKua#?secret=etjDENKQV0\" data-secret=\"etjDENKQV0\" width=\"600\" height=\"338\" frameborder=\"0\" marginwidth=\"0\" marginheight=\"0\" scrolling=\"no\"><\/iframe><\/p>\n","protected":false},"excerpt":{"rendered":"<p>Predsjednik Vlade Crne Gore Dritan Abazovi\u0107 pozdravio je dana\u0161nju akciju Specijalnog dr\u017eavnog tu\u017eila\u0161tva (SDT) koja seti\u010de o\u010duvanja nacionalnih interesa Crne Gore.<\/p>\n","protected":false},"author":1,"featured_media":342447,"comment_status":"open","ping_status":"closed","sticky":false,"template":"","format":"standard","meta":{"_seopress_robots_primary_cat":"","_seopress_titles_title":"","_seopress_titles_desc":"","_seopress_robots_index":"","_et_pb_use_builder":"","_et_pb_old_content":"","_et_gb_content_width":"","inline_featured_image":false,"footnotes":""},"categories":[14],"tags":[],"class_list":["post-356180","post","type-post","status-publish","format-standard","has-post-thumbnail","hentry","category-vijesti"],"_links":{"self":[{"href":"https:\/\/www.pcnen.com\/portal\/wp-json\/wp\/v2\/posts\/356180","targetHints":{"allow":["GET"]}}],"collection":[{"href":"https:\/\/www.pcnen.com\/portal\/wp-json\/wp\/v2\/posts"}],"about":[{"href":"https:\/\/www.pcnen.com\/portal\/wp-json\/wp\/v2\/types\/post"}],"author":[{"embeddable":true,"href":"https:\/\/www.pcnen.com\/portal\/wp-json\/wp\/v2\/users\/1"}],"replies":[{"embeddable":true,"href":"https:\/\/www.pcnen.com\/portal\/wp-json\/wp\/v2\/comments?post=356180"}],"version-history":[{"count":1,"href":"https:\/\/www.pcnen.com\/portal\/wp-json\/wp\/v2\/posts\/356180\/revisions"}],"predecessor-version":[{"id":356181,"href":"https:\/\/www.pcnen.com\/portal\/wp-json\/wp\/v2\/posts\/356180\/revisions\/356181"}],"wp:featuredmedia":[{"embeddable":true,"href":"https:\/\/www.pcnen.com\/portal\/wp-json\/wp\/v2\/media\/342447"}],"wp:attachment":[{"href":"https:\/\/www.pcnen.com\/portal\/wp-json\/wp\/v2\/media?parent=356180"}],"wp:term":[{"taxonomy":"category","embeddable":true,"href":"https:\/\/www.pcnen.com\/portal\/wp-json\/wp\/v2\/categories?post=356180"},{"taxonomy":"post_tag","embeddable":true,"href":"https:\/\/www.pcnen.com\/portal\/wp-json\/wp\/v2\/tags?post=356180"}],"curies":[{"name":"wp","href":"https:\/\/api.w.org\/{rel}","templated":true}]}}