{"id":356174,"date":"2022-09-29T09:52:04","date_gmt":"2022-09-29T07:52:04","guid":{"rendered":"https:\/\/www.pcnen.com\/portal\/?p=356174"},"modified":"2022-09-29T09:52:04","modified_gmt":"2022-09-29T07:52:04","slug":"otkriveno-i-cetvrto-curenje-gasa-iz-sjevernog-toka","status":"publish","type":"post","link":"https:\/\/www.pcnen.com\/portal\/2022\/09\/29\/otkriveno-i-cetvrto-curenje-gasa-iz-sjevernog-toka\/","title":{"rendered":"Otkriveno i \u010detvrto curenje gasa iz Sjevernog toka"},"content":{"rendered":"<p>&#8220;Dva od ova \u010detiri curenja su u ekskluzivnoj ekonomskoj zoni \u0160vedske&#8221;, rekla je portparol obalske stra\u017ee.<\/p>\n<p>Druga dva o\u0161te\u0107enja su u danskoj ekskluzivnoj ekonomskoj zoni.<\/p>\n<p>Curenja gasa iz sistema jcevovoda Sjeverni tok u \u0161vedskim i danskim vodama Balti\u010dkog mora otkrivena su u ponedeljak, a Evropska unija i NATO su izrazili uvjerenje da je incident rezultat sabota\u017ee.<\/p>\n<p>EU je tako\u0111e obe\u0107ala &#8220;sna\u017ean&#8221; odgovor na svako namerno prekidanje njene energetske infrastrukture, navodi Rojters.<\/p>\n<blockquote class=\"wp-embedded-content\" data-secret=\"tTu3sUAqSP\"><p><a href=\"https:\/\/www.pcnen.com\/portal\/2022\/09\/28\/curenje-iz-gasovoda-sjeverni-tok-rezultat-sabotaze-video\/\">Curenje iz gasovoda Sjeverni tok rezultat sabota\u017ee? (video)<\/a><\/p><\/blockquote>\n<p><iframe loading=\"lazy\" class=\"wp-embedded-content\" sandbox=\"allow-scripts\" security=\"restricted\" style=\"position: absolute; clip: rect(1px, 1px, 1px, 1px);\" title=\"&#8220;Curenje iz gasovoda Sjeverni tok rezultat sabota\u017ee? (video)&#8221; &#8212; PCNEN\" src=\"https:\/\/www.pcnen.com\/portal\/2022\/09\/28\/curenje-iz-gasovoda-sjeverni-tok-rezultat-sabotaze-video\/embed\/#?secret=8NmTj5q3h2#?secret=tTu3sUAqSP\" data-secret=\"tTu3sUAqSP\" width=\"600\" height=\"338\" frameborder=\"0\" marginwidth=\"0\" marginheight=\"0\" scrolling=\"no\"><\/iframe><\/p>\n","protected":false},"excerpt":{"rendered":"<p>\u0160vedska je raije ove nedelje otkrila \u010detvrto curenje gasa na o\u0161te\u0107enim gasovodima Sjeverni tok, saop\u0161tila je obalska stra\u017ea, prenosi Rojters.<\/p>\n","protected":false},"author":1,"featured_media":354082,"comment_status":"open","ping_status":"closed","sticky":false,"template":"","format":"standard","meta":{"_seopress_robots_primary_cat":"","_seopress_titles_title":"","_seopress_titles_desc":"","_seopress_robots_index":"","_et_pb_use_builder":"","_et_pb_old_content":"","_et_gb_content_width":"","inline_featured_image":false,"footnotes":""},"categories":[14],"tags":[],"class_list":["post-356174","post","type-post","status-publish","format-standard","has-post-thumbnail","hentry","category-vijesti"],"_links":{"self":[{"href":"https:\/\/www.pcnen.com\/portal\/wp-json\/wp\/v2\/posts\/356174","targetHints":{"allow":["GET"]}}],"collection":[{"href":"https:\/\/www.pcnen.com\/portal\/wp-json\/wp\/v2\/posts"}],"about":[{"href":"https:\/\/www.pcnen.com\/portal\/wp-json\/wp\/v2\/types\/post"}],"author":[{"embeddable":true,"href":"https:\/\/www.pcnen.com\/portal\/wp-json\/wp\/v2\/users\/1"}],"replies":[{"embeddable":true,"href":"https:\/\/www.pcnen.com\/portal\/wp-json\/wp\/v2\/comments?post=356174"}],"version-history":[{"count":1,"href":"https:\/\/www.pcnen.com\/portal\/wp-json\/wp\/v2\/posts\/356174\/revisions"}],"predecessor-version":[{"id":356175,"href":"https:\/\/www.pcnen.com\/portal\/wp-json\/wp\/v2\/posts\/356174\/revisions\/356175"}],"wp:featuredmedia":[{"embeddable":true,"href":"https:\/\/www.pcnen.com\/portal\/wp-json\/wp\/v2\/media\/354082"}],"wp:attachment":[{"href":"https:\/\/www.pcnen.com\/portal\/wp-json\/wp\/v2\/media?parent=356174"}],"wp:term":[{"taxonomy":"category","embeddable":true,"href":"https:\/\/www.pcnen.com\/portal\/wp-json\/wp\/v2\/categories?post=356174"},{"taxonomy":"post_tag","embeddable":true,"href":"https:\/\/www.pcnen.com\/portal\/wp-json\/wp\/v2\/tags?post=356174"}],"curies":[{"name":"wp","href":"https:\/\/api.w.org\/{rel}","templated":true}]}}