{"id":356170,"date":"2022-09-29T09:24:25","date_gmt":"2022-09-29T07:24:25","guid":{"rendered":"https:\/\/www.pcnen.com\/portal\/?p=356170"},"modified":"2022-09-29T09:24:25","modified_gmt":"2022-09-29T07:24:25","slug":"zasijeda-zakonodavni-odbor-uzivo","status":"publish","type":"post","link":"https:\/\/www.pcnen.com\/portal\/2022\/09\/29\/zasijeda-zakonodavni-odbor-uzivo\/","title":{"rendered":"Zasijeda Zakonodavni odbor (u\u017eivo)"},"content":{"rendered":"<p><iframe loading=\"lazy\" title=\"YouTube video player\" src=\"https:\/\/www.youtube.com\/embed\/1ufx2j_iI-0\" width=\"560\" height=\"315\" frameborder=\"0\" allowfullscreen=\"allowfullscreen\"><\/iframe><\/p>\n<div class=\"ui-post py-6 px-0 lg:pl-1\/24 lg:pr-1\/24 xl:pl-3\/24 xl:pr-3\/24\">\n<p><strong>Dnevni red<\/strong><\/p>\n<p>1. Predlog odluke o skra\u0107enju mandata Skup\u0161tine Crne Gore;<\/p>\n<p>2. Predlog zakona o potvr\u0111ivanju Protokola 16 uz Evropsku konvenciju za za\u0161titu ljudskih prava i osnovnih sloboda;<\/p>\n<p>3. Predlog zakona o potvr\u0111ivanju Sporazuma izme\u0111u Vlade Crne Gore i Vlade Gruzije o readmisiji lica koja su bez dozvole boravka;<\/p>\n<p>4. Predlog zakona o potvr\u0111ivanju Sporazuma o izmjenama i dopunama Sporazuma izme\u0111u Vlade Crne Gore i Vije\u0107a ministara Bosne i Hercegovine o grani\u010dnim prelazima za pograni\u010dni saobra\u0107aj.<\/p>\n<\/div>\n","protected":false},"excerpt":{"rendered":"<p>Razmatra\u0107e se predlog za skra\u0107enje mandata Skup\u0161tini<\/p>\n","protected":false},"author":1,"featured_media":0,"comment_status":"open","ping_status":"closed","sticky":false,"template":"","format":"standard","meta":{"_seopress_robots_primary_cat":"","_seopress_titles_title":"","_seopress_titles_desc":"","_seopress_robots_index":"","_et_pb_use_builder":"","_et_pb_old_content":"","_et_gb_content_width":"","inline_featured_image":false,"footnotes":""},"categories":[14],"tags":[],"class_list":["post-356170","post","type-post","status-publish","format-standard","hentry","category-vijesti"],"_links":{"self":[{"href":"https:\/\/www.pcnen.com\/portal\/wp-json\/wp\/v2\/posts\/356170","targetHints":{"allow":["GET"]}}],"collection":[{"href":"https:\/\/www.pcnen.com\/portal\/wp-json\/wp\/v2\/posts"}],"about":[{"href":"https:\/\/www.pcnen.com\/portal\/wp-json\/wp\/v2\/types\/post"}],"author":[{"embeddable":true,"href":"https:\/\/www.pcnen.com\/portal\/wp-json\/wp\/v2\/users\/1"}],"replies":[{"embeddable":true,"href":"https:\/\/www.pcnen.com\/portal\/wp-json\/wp\/v2\/comments?post=356170"}],"version-history":[{"count":1,"href":"https:\/\/www.pcnen.com\/portal\/wp-json\/wp\/v2\/posts\/356170\/revisions"}],"predecessor-version":[{"id":356171,"href":"https:\/\/www.pcnen.com\/portal\/wp-json\/wp\/v2\/posts\/356170\/revisions\/356171"}],"wp:attachment":[{"href":"https:\/\/www.pcnen.com\/portal\/wp-json\/wp\/v2\/media?parent=356170"}],"wp:term":[{"taxonomy":"category","embeddable":true,"href":"https:\/\/www.pcnen.com\/portal\/wp-json\/wp\/v2\/categories?post=356170"},{"taxonomy":"post_tag","embeddable":true,"href":"https:\/\/www.pcnen.com\/portal\/wp-json\/wp\/v2\/tags?post=356170"}],"curies":[{"name":"wp","href":"https:\/\/api.w.org\/{rel}","templated":true}]}}