{"id":356160,"date":"2022-09-28T22:44:12","date_gmt":"2022-09-28T20:44:12","guid":{"rendered":"https:\/\/www.pcnen.com\/portal\/?p=356160"},"modified":"2022-09-28T22:44:12","modified_gmt":"2022-09-28T20:44:12","slug":"red-oblaka-red-kise","status":"publish","type":"post","link":"https:\/\/www.pcnen.com\/portal\/2022\/09\/28\/red-oblaka-red-kise\/","title":{"rendered":"Red oblaka, red ki\u0161e"},"content":{"rendered":"<p>Njavi\u0161e padavina o\u010dekuje se u ju\u017enim i centralnim predjelima, a lokalno su mogu\u0107e i obilne koli\u010dine. Znatno manje ki\u0161e \u0107e biti u sjevernim predjelima, a na krajnjem sjeveru bi\u0107e promjenljivo obla\u010dno, ponegdje sa ki\u0161om, a tokom dana i sunce \u0107e progrijavati.<\/p>\n<p>Vjetar, mjestimi\u010dno umjeren do jak, na udare i veoma jak, bi\u0107e ju\u017eni.<\/p>\n<p>Jutarnja temperatura vazduha kreta\u0107e se od 9 do 16, najvi\u0161a dnevna od 13 do 23 stepena.<\/p>\n<p>U Podgorici \u0107e biti umjereno do potpuno obla\u010dno, povremeno \u0107e padati ki\u0161a, bi\u0107e pljuskova ili grmljavine.<\/p>\n<p>Vjetar \u0107e biti slab do umjeren, na udare kratkotrajno poja\u010dan, ju\u017enih smjerova.<\/p>\n<p>Jutarnja temperatura vazduha bi\u0107e oko 16, najvi\u0161a dnevna 21 stepen.<\/p>\n","protected":false},"excerpt":{"rendered":"<p>U \u010detvrtak \u0107e u Crnoj Gori biti umjereno do prete\u017eno obla\u010dno. Povremeno \u0107e padati ki\u0161a, a bi\u0107e i pljuskova i grmljavine.<\/p>\n","protected":false},"author":1,"featured_media":0,"comment_status":"open","ping_status":"closed","sticky":false,"template":"","format":"standard","meta":{"_seopress_robots_primary_cat":"","_seopress_titles_title":"","_seopress_titles_desc":"","_seopress_robots_index":"","_et_pb_use_builder":"","_et_pb_old_content":"","_et_gb_content_width":"","inline_featured_image":false,"footnotes":""},"categories":[14],"tags":[],"class_list":["post-356160","post","type-post","status-publish","format-standard","hentry","category-vijesti"],"_links":{"self":[{"href":"https:\/\/www.pcnen.com\/portal\/wp-json\/wp\/v2\/posts\/356160","targetHints":{"allow":["GET"]}}],"collection":[{"href":"https:\/\/www.pcnen.com\/portal\/wp-json\/wp\/v2\/posts"}],"about":[{"href":"https:\/\/www.pcnen.com\/portal\/wp-json\/wp\/v2\/types\/post"}],"author":[{"embeddable":true,"href":"https:\/\/www.pcnen.com\/portal\/wp-json\/wp\/v2\/users\/1"}],"replies":[{"embeddable":true,"href":"https:\/\/www.pcnen.com\/portal\/wp-json\/wp\/v2\/comments?post=356160"}],"version-history":[{"count":1,"href":"https:\/\/www.pcnen.com\/portal\/wp-json\/wp\/v2\/posts\/356160\/revisions"}],"predecessor-version":[{"id":356161,"href":"https:\/\/www.pcnen.com\/portal\/wp-json\/wp\/v2\/posts\/356160\/revisions\/356161"}],"wp:attachment":[{"href":"https:\/\/www.pcnen.com\/portal\/wp-json\/wp\/v2\/media?parent=356160"}],"wp:term":[{"taxonomy":"category","embeddable":true,"href":"https:\/\/www.pcnen.com\/portal\/wp-json\/wp\/v2\/categories?post=356160"},{"taxonomy":"post_tag","embeddable":true,"href":"https:\/\/www.pcnen.com\/portal\/wp-json\/wp\/v2\/tags?post=356160"}],"curies":[{"name":"wp","href":"https:\/\/api.w.org\/{rel}","templated":true}]}}