{"id":356151,"date":"2022-09-28T20:25:17","date_gmt":"2022-09-28T18:25:17","guid":{"rendered":"https:\/\/www.pcnen.com\/portal\/?p=356151"},"modified":"2022-09-28T20:25:17","modified_gmt":"2022-09-28T18:25:17","slug":"radonjic-ne-postoji-potreba-da-se-abazovic-ispita-o-navodnoj-povezanosti-sa-skaljarskim-klanom","status":"publish","type":"post","link":"https:\/\/www.pcnen.com\/portal\/2022\/09\/28\/radonjic-ne-postoji-potreba-da-se-abazovic-ispita-o-navodnoj-povezanosti-sa-skaljarskim-klanom\/","title":{"rendered":"Radonji\u0107: Ne postoji potreba da se Abazovi\u0107 ispita o navodnoj povezanosti sa \u0161kaljarskim klanom"},"content":{"rendered":"<p>Dodaje da su svi transkripti koje je M portal do sada objavio obra\u0111eni od strane ranijeg specijalnog tu\u017eioca i da su na osnovu toga podignute optu\u017enice protiv odre\u0111enih lica.<\/p>\n<p>&#8220;Taj materijal je ve\u0107 bio razmatran od strane Specijalnog dr\u017eavnog tu\u017eila\u0161tva kao organa i ranijeg specijalnog tu\u017eioca i treba pitati njega za\u0161to nije odre\u0111ene stvari procesuirao, ako je smatrao, a mo\u017eda i nije smatrao da tu ima krivi\u010dnog djela. To su sve materijali koji su bili prisutni u tu\u017eila\u0161tvu, specijalnom policijskom odjeljenju, mnogo ranije nego \u0161to sam ja do\u0161ao u SDT i bili su predmet obradi&#8221;, isti\u010de Radonji\u0107, pi\u0161e Gradski portal.<\/p>\n<p>Odgovaraju\u0107i na pitanje da li \u0107e Abazovi\u0107 biti ispitan povodom ovih navoda, Radonji\u0107 isti\u010de da je on ispitan u mjeri u kojoj je potrebno.<\/p>\n<p>&#8220;Formirano je vi\u0161e predmeta povodom onih natpisa. U Osnovnom, Vi\u0161em i Specijalnom dr\u017eavnom tu\u017eila\u0161tvu, svako u skladu sa svojim nadle\u017enostima. Mi smo se fokusirali na dio koji se ti\u010de optu\u017ebi da su odre\u0111ena fizi\u010dka i pravna lica uklju\u010dena u krijum\u010darenje cigareta, Vi\u0161e tu\u017eila\u0161tvo na onaj dio koji se ti\u010de pozivanja na pobudu protiv ustavnog ure\u0111enja, jer je to krivi\u010dno djelo iz njihove nadle\u017enosti. A odre\u0111enim navodima se bavi Osnovno dr\u017eavno tu\u017eila\u0161tvo&#8221;, obja\u0161njava Radonji\u0107.<\/p>\n","protected":false},"excerpt":{"rendered":"<p>Ne postoji potreba da se premijer kojem je izglasano nepovjerenje Dritan Abazovi\u0107 ispita na okolnosti navodne povezanosti sa \u0161kaljarskim kriminalnim klanom, smatra specijalni dr\u017eavni tu\u017eilac Vukas Radonji\u0107.<\/p>\n","protected":false},"author":1,"featured_media":356153,"comment_status":"open","ping_status":"closed","sticky":false,"template":"","format":"standard","meta":{"_seopress_robots_primary_cat":"","_seopress_titles_title":"","_seopress_titles_desc":"","_seopress_robots_index":"","_et_pb_use_builder":"","_et_pb_old_content":"","_et_gb_content_width":"","inline_featured_image":false,"footnotes":""},"categories":[14],"tags":[],"class_list":["post-356151","post","type-post","status-publish","format-standard","has-post-thumbnail","hentry","category-vijesti"],"_links":{"self":[{"href":"https:\/\/www.pcnen.com\/portal\/wp-json\/wp\/v2\/posts\/356151","targetHints":{"allow":["GET"]}}],"collection":[{"href":"https:\/\/www.pcnen.com\/portal\/wp-json\/wp\/v2\/posts"}],"about":[{"href":"https:\/\/www.pcnen.com\/portal\/wp-json\/wp\/v2\/types\/post"}],"author":[{"embeddable":true,"href":"https:\/\/www.pcnen.com\/portal\/wp-json\/wp\/v2\/users\/1"}],"replies":[{"embeddable":true,"href":"https:\/\/www.pcnen.com\/portal\/wp-json\/wp\/v2\/comments?post=356151"}],"version-history":[{"count":1,"href":"https:\/\/www.pcnen.com\/portal\/wp-json\/wp\/v2\/posts\/356151\/revisions"}],"predecessor-version":[{"id":356154,"href":"https:\/\/www.pcnen.com\/portal\/wp-json\/wp\/v2\/posts\/356151\/revisions\/356154"}],"wp:featuredmedia":[{"embeddable":true,"href":"https:\/\/www.pcnen.com\/portal\/wp-json\/wp\/v2\/media\/356153"}],"wp:attachment":[{"href":"https:\/\/www.pcnen.com\/portal\/wp-json\/wp\/v2\/media?parent=356151"}],"wp:term":[{"taxonomy":"category","embeddable":true,"href":"https:\/\/www.pcnen.com\/portal\/wp-json\/wp\/v2\/categories?post=356151"},{"taxonomy":"post_tag","embeddable":true,"href":"https:\/\/www.pcnen.com\/portal\/wp-json\/wp\/v2\/tags?post=356151"}],"curies":[{"name":"wp","href":"https:\/\/api.w.org\/{rel}","templated":true}]}}