{"id":356141,"date":"2022-09-28T17:52:17","date_gmt":"2022-09-28T15:52:17","guid":{"rendered":"https:\/\/www.pcnen.com\/portal\/?p=356141"},"modified":"2022-09-28T17:52:17","modified_gmt":"2022-09-28T15:52:17","slug":"ebrd-zadrzala-prognozu-rasta-cg-za-ovu-godinu","status":"publish","type":"post","link":"https:\/\/www.pcnen.com\/portal\/2022\/09\/28\/ebrd-zadrzala-prognozu-rasta-cg-za-ovu-godinu\/","title":{"rendered":"EBRD zadr\u017eala prognozu rasta CG za ovu godinu"},"content":{"rendered":"<p>Prema danas objavljenom novom izvje\u0161taju o regionalnim ekonomskim izgledima, u koji je agencija Mina-biznis imala uvid, naredne godine se o\u010dekuje rast crnogorske ekonomije od \u010detiri odsto, prenosi Mina business.<\/p>\n<p>U majskim prognozama o\u010dekivao se rast ekonomije naredne godine od 4,5 odsto.<\/p>\n<p>\u201cPredvi\u0111a se rast od 3,7 odsto u ovoj godini i \u010detiri odsto u narednoj, ali postoji velika neizvjesnost oko izgleda. Klju\u010dni rizici za izglede uklju\u010duju povi\u0161enu inflaciju i politi\u010dke nestabilnosti, \u0161to mo\u017ee odlo\u017eiti javna ulaganja i reformske napore\u201d, napominje se u izvje\u0161taju.<\/p>\n<p>U izvje\u0161taju se navodi da je nakon dvocifrenog rasta u pro\u0161loj godini, privreda porasla 7,2 odsto na godi\u0161njem nivou u prvom ovogodi\u0161njem kvartalu.<\/p>\n<p>\u201cPotro\u0161nja doma\u0107instava je ostala sna\u017ena, podr\u017eana pove\u0107anjem minimalne zarade, ali investicije ostaju prigu\u0161ene. Po\u010detne brojke ukazuju na zadovoljavaju\u0107e pokazatelje turisti\u010dke sezone\u201d, dodaje se u izvje\u0161taju.<\/p>\n<p>Direktne strane investicije, uglavnom iz Rusija i Ujedinjenih Arapskih Emirata (UAE), uglavnom u oblasti nekretnina, porasle su 80 odsto na godi\u0161njem nivou u prvoj polovini ove godine.<\/p>\n<p>Inflacija je porasla tokom ove godine, na krilima rasta globalnih cijena hrane i energije. Stopa inflacije dostigla je 14,9 odsto u julu.<\/p>\n<p>\u201cOdgovori politike su kasnili do formiranja nove Vlade u aprilu ove godine, nakon \u010dega je porez na dodatu vrijednost (PDV) na jestivo ulje i bra\u0161no bio privremeno smanjena i akciza na gorivo bila prepolovljena\u201d, dodaje se u izvje\u0161taju.<\/p>\n","protected":false},"excerpt":{"rendered":"<p>Evropska banka za obnovu i razvoj (EBRD) zadr\u017eala je u najnovijem izvje\u0161taju projekciju rasta crnogorske ekonomije za ovu godinu na 3,7 odsto, dok je za narednu snizila na \u010detiri odsto.<\/p>\n","protected":false},"author":1,"featured_media":342116,"comment_status":"open","ping_status":"closed","sticky":false,"template":"","format":"standard","meta":{"_seopress_robots_primary_cat":"","_seopress_titles_title":"","_seopress_titles_desc":"","_seopress_robots_index":"","_et_pb_use_builder":"","_et_pb_old_content":"","_et_gb_content_width":"","inline_featured_image":false,"footnotes":""},"categories":[14],"tags":[],"class_list":["post-356141","post","type-post","status-publish","format-standard","has-post-thumbnail","hentry","category-vijesti"],"_links":{"self":[{"href":"https:\/\/www.pcnen.com\/portal\/wp-json\/wp\/v2\/posts\/356141","targetHints":{"allow":["GET"]}}],"collection":[{"href":"https:\/\/www.pcnen.com\/portal\/wp-json\/wp\/v2\/posts"}],"about":[{"href":"https:\/\/www.pcnen.com\/portal\/wp-json\/wp\/v2\/types\/post"}],"author":[{"embeddable":true,"href":"https:\/\/www.pcnen.com\/portal\/wp-json\/wp\/v2\/users\/1"}],"replies":[{"embeddable":true,"href":"https:\/\/www.pcnen.com\/portal\/wp-json\/wp\/v2\/comments?post=356141"}],"version-history":[{"count":1,"href":"https:\/\/www.pcnen.com\/portal\/wp-json\/wp\/v2\/posts\/356141\/revisions"}],"predecessor-version":[{"id":356142,"href":"https:\/\/www.pcnen.com\/portal\/wp-json\/wp\/v2\/posts\/356141\/revisions\/356142"}],"wp:featuredmedia":[{"embeddable":true,"href":"https:\/\/www.pcnen.com\/portal\/wp-json\/wp\/v2\/media\/342116"}],"wp:attachment":[{"href":"https:\/\/www.pcnen.com\/portal\/wp-json\/wp\/v2\/media?parent=356141"}],"wp:term":[{"taxonomy":"category","embeddable":true,"href":"https:\/\/www.pcnen.com\/portal\/wp-json\/wp\/v2\/categories?post=356141"},{"taxonomy":"post_tag","embeddable":true,"href":"https:\/\/www.pcnen.com\/portal\/wp-json\/wp\/v2\/tags?post=356141"}],"curies":[{"name":"wp","href":"https:\/\/api.w.org\/{rel}","templated":true}]}}