{"id":356092,"date":"2022-09-27T22:29:14","date_gmt":"2022-09-27T20:29:14","guid":{"rendered":"https:\/\/www.pcnen.com\/portal\/?p=356092"},"modified":"2022-09-27T22:38:50","modified_gmt":"2022-09-27T20:38:50","slug":"rok-za-predaju-lista-za-lokalne-izbore-istice-u-ponoc","status":"publish","type":"post","link":"https:\/\/www.pcnen.com\/portal\/2022\/09\/27\/rok-za-predaju-lista-za-lokalne-izbore-istice-u-ponoc\/","title":{"rendered":"Rok za predaju lista za lokalne izbore isti\u010de u pono\u0107"},"content":{"rendered":"<p>Rok za predaju izbornih lista isti\u010de u u pono\u0107.<\/p>\n<p>Pored Podgori\u010dana lokalnu vlast \u0107e birati i gra\u0111ani Bijelog Polja, Bara, Budve, Danilovgrada, \u017dabljaka, Zete, Kola\u0161ina, Pljevalja, Plava, Plu\u017eina, Ro\u017eaja, Tivta i \u0160avnika.<\/p>\n<p>Lokalni izbori se odr\u017eavaju u trenutku kada je Ustavni sud u blokadi, Vlada u tehni\u010dkom mandatu, u proceduri je i inicijativa za razrje\u0161enje Mila \u0110ukanovi\u0107a sa mjesta predsjednika Crne Gore, nakon \u0161to je odbio da na prijedlog parlamentarne ve\u0107ine od avgusta 2020. da mandat za sastav nove Vlade Miodragu Leki\u0107u, podsje\u0107a RSE.<\/p>\n<p>Uz to, lokalni izbori se odr\u017eavaju po starim zakonima jer nije bilo politi\u010dke volje da se, uprkos vi\u0161egodi\u0161njim pozivima Evropske unije sprovede izborna reforma.<\/p>\n<p>Glavna bitka na lokalnim izborima vodi\u0107e se u Podgorici gdje \u017eivi gotovo 190.000 stanovnika, skoro tre\u0107ina gra\u0111ana Crne Gore.<\/p>\n<p>Za glasove vi\u0161e od 143.000 bira\u010da u glavnom gradu bori\u0107e se partije sa osam izbornih lista.<\/p>\n<p>Glavna politi\u010dka bitka vodi\u0107e se izme\u0111u s jedne strane, aktuelne gradske vlasti predvo\u0111ene Demokratskom partijom socijalista (DPS) Mila \u0110ukanovi\u0107a i sa druge strane partija koje su na parlamentarnim izborima 2020. tijesno pobijedile DPS na dr\u017eavnom nivou.<\/p>\n","protected":false},"excerpt":{"rendered":"<p>Lokalni izbori u Podgorici i jo\u0161 13 crnogorskih op\u0161tina, zakazani su za 23. oktobar.<\/p>\n","protected":false},"author":1,"featured_media":356093,"comment_status":"open","ping_status":"closed","sticky":false,"template":"","format":"standard","meta":{"_seopress_robots_primary_cat":"","_seopress_titles_title":"","_seopress_titles_desc":"","_seopress_robots_index":"","_et_pb_use_builder":"","_et_pb_old_content":"","_et_gb_content_width":"","inline_featured_image":false,"footnotes":""},"categories":[14],"tags":[],"class_list":["post-356092","post","type-post","status-publish","format-standard","has-post-thumbnail","hentry","category-vijesti"],"_links":{"self":[{"href":"https:\/\/www.pcnen.com\/portal\/wp-json\/wp\/v2\/posts\/356092","targetHints":{"allow":["GET"]}}],"collection":[{"href":"https:\/\/www.pcnen.com\/portal\/wp-json\/wp\/v2\/posts"}],"about":[{"href":"https:\/\/www.pcnen.com\/portal\/wp-json\/wp\/v2\/types\/post"}],"author":[{"embeddable":true,"href":"https:\/\/www.pcnen.com\/portal\/wp-json\/wp\/v2\/users\/1"}],"replies":[{"embeddable":true,"href":"https:\/\/www.pcnen.com\/portal\/wp-json\/wp\/v2\/comments?post=356092"}],"version-history":[{"count":3,"href":"https:\/\/www.pcnen.com\/portal\/wp-json\/wp\/v2\/posts\/356092\/revisions"}],"predecessor-version":[{"id":356096,"href":"https:\/\/www.pcnen.com\/portal\/wp-json\/wp\/v2\/posts\/356092\/revisions\/356096"}],"wp:featuredmedia":[{"embeddable":true,"href":"https:\/\/www.pcnen.com\/portal\/wp-json\/wp\/v2\/media\/356093"}],"wp:attachment":[{"href":"https:\/\/www.pcnen.com\/portal\/wp-json\/wp\/v2\/media?parent=356092"}],"wp:term":[{"taxonomy":"category","embeddable":true,"href":"https:\/\/www.pcnen.com\/portal\/wp-json\/wp\/v2\/categories?post=356092"},{"taxonomy":"post_tag","embeddable":true,"href":"https:\/\/www.pcnen.com\/portal\/wp-json\/wp\/v2\/tags?post=356092"}],"curies":[{"name":"wp","href":"https:\/\/api.w.org\/{rel}","templated":true}]}}