{"id":356087,"date":"2022-09-27T19:12:29","date_gmt":"2022-09-27T17:12:29","guid":{"rendered":"https:\/\/www.pcnen.com\/portal\/?p=356087"},"modified":"2022-09-27T19:12:29","modified_gmt":"2022-09-27T17:12:29","slug":"seizmolozi-zabiljezili-eksplozije-u-podrucjima-curenja-plina-iz-sjevernog-toka","status":"publish","type":"post","link":"https:\/\/www.pcnen.com\/portal\/2022\/09\/27\/seizmolozi-zabiljezili-eksplozije-u-podrucjima-curenja-plina-iz-sjevernog-toka\/","title":{"rendered":"Seizmolozi zabilje\u017eili eksplozije u podru\u010djima curenja plina iz Sjevernog toka"},"content":{"rendered":"<p>&#8220;Nema sumnje da su to bile eksplozije&#8221;, rekao je seizmolog SNSN-a Bjorn Lund za SVT.<\/p>\n<p>\u0160vedska nacionalna seizmi\u010dka mre\u017ea otkrila je dvije eksplozije u tom podru\u010dju 26. septembra. Jedna od eksplozija bila je ja\u010dine 2,3 stepena, a zabilje\u017eena je na 30 mjernih postaja na jugu \u0160vedske, prenosi SVT na svojoj internetskoj stranici.<\/p>\n<p>&#8220;Jasno se vidi kako se valovi odbijaju od dna prema povr\u0161ini. Nema sumnje da je bila eksplozija. \u010cak je i stanica u Gnosjou to registrirala&#8221;, dodaje Bjorn Lund.<\/p>\n<p>Posljednji put sli\u010dan seizmolo\u0161ki doga\u0111aj na tom podru\u010dju zabilje\u017een je 2016. godine, podsje\u0107a SVT.<\/p>\n<p>Prema rije\u010dima Bjorna Lunda, to nije podru\u010dje koje se obi\u010dno koristi za vje\u017ebe obrane.<\/p>\n<p>Danska premijerka Mette Frederiksen izjavila je 27. septembra da ne mo\u017ee isklju\u010diti sumnju na sabota\u017eu nakon primije\u0107enih slu\u010dajeva curenja na plinovodima Sjeverni tok 1 i 2 koji trebaju prevoziti ruski plin ispod Balti\u010dkog mora do Evrope, prenosi RSE.<\/p>\n<p>Oba plinovoda trenutno ne rade, ali se u cijevima nalazi plin.<\/p>\n","protected":false},"excerpt":{"rendered":"<p>Seizmolozi u Danskoj i \u0160vedskoj su 26. septemra zabilje\u017eili sna\u017ene eksplozije u podru\u010djima curenja plina iz plinovoda Sjevernog toka 1, rekao je javnoj televiziji \u0160vedske SVT \u0161vedski Nacionalni seizmolo\u0161ki centar (SNSN) pri Sveu\u010dili\u0161tu Uppsala, javlja Reuters.<\/p>\n","protected":false},"author":1,"featured_media":330783,"comment_status":"open","ping_status":"closed","sticky":false,"template":"","format":"standard","meta":{"_seopress_robots_primary_cat":"","_seopress_titles_title":"","_seopress_titles_desc":"","_seopress_robots_index":"","_et_pb_use_builder":"","_et_pb_old_content":"","_et_gb_content_width":"","inline_featured_image":false,"footnotes":""},"categories":[14],"tags":[],"class_list":["post-356087","post","type-post","status-publish","format-standard","has-post-thumbnail","hentry","category-vijesti"],"_links":{"self":[{"href":"https:\/\/www.pcnen.com\/portal\/wp-json\/wp\/v2\/posts\/356087","targetHints":{"allow":["GET"]}}],"collection":[{"href":"https:\/\/www.pcnen.com\/portal\/wp-json\/wp\/v2\/posts"}],"about":[{"href":"https:\/\/www.pcnen.com\/portal\/wp-json\/wp\/v2\/types\/post"}],"author":[{"embeddable":true,"href":"https:\/\/www.pcnen.com\/portal\/wp-json\/wp\/v2\/users\/1"}],"replies":[{"embeddable":true,"href":"https:\/\/www.pcnen.com\/portal\/wp-json\/wp\/v2\/comments?post=356087"}],"version-history":[{"count":1,"href":"https:\/\/www.pcnen.com\/portal\/wp-json\/wp\/v2\/posts\/356087\/revisions"}],"predecessor-version":[{"id":356088,"href":"https:\/\/www.pcnen.com\/portal\/wp-json\/wp\/v2\/posts\/356087\/revisions\/356088"}],"wp:featuredmedia":[{"embeddable":true,"href":"https:\/\/www.pcnen.com\/portal\/wp-json\/wp\/v2\/media\/330783"}],"wp:attachment":[{"href":"https:\/\/www.pcnen.com\/portal\/wp-json\/wp\/v2\/media?parent=356087"}],"wp:term":[{"taxonomy":"category","embeddable":true,"href":"https:\/\/www.pcnen.com\/portal\/wp-json\/wp\/v2\/categories?post=356087"},{"taxonomy":"post_tag","embeddable":true,"href":"https:\/\/www.pcnen.com\/portal\/wp-json\/wp\/v2\/tags?post=356087"}],"curies":[{"name":"wp","href":"https:\/\/api.w.org\/{rel}","templated":true}]}}