{"id":356084,"date":"2022-09-27T19:07:10","date_gmt":"2022-09-27T17:07:10","guid":{"rendered":"https:\/\/www.pcnen.com\/portal\/?p=356084"},"modified":"2022-09-27T19:08:38","modified_gmt":"2022-09-27T17:08:38","slug":"broj-rusa-koji-dolaze-u-eu-porastao-za-30-posto","status":"publish","type":"post","link":"https:\/\/www.pcnen.com\/portal\/2022\/09\/27\/broj-rusa-koji-dolaze-u-eu-porastao-za-30-posto\/","title":{"rendered":"Broj Rusa koji dolaze u EU porastao za 30 posto"},"content":{"rendered":"<p>&#8220;Tokom protekle sedmice, skoro 66.000 ruskih dr\u017eavljana u\u0161lo je u EU, vi\u0161e od 30% u odnosu na prethodnu sedmicu. Ve\u0107ina ih je stigla u Finsku i Estoniju&#8221;, navodi Frontex u saop\u0161tenju.<\/p>\n<p>Samo u posljednja \u010detiri dana u Finsku je stiglo 30.000 ruskih dr\u017eavljana, navodi se u saop\u0161tenju.<\/p>\n<p>&#8220;Frontex procjenjuje da \u0107e se ilegalni prelasci granice vjerovatno pove\u0107ati ako Ruska Federacija odlu\u010di zatvoriti granicu za potencijalne regrute&#8221;, navodi agencija, prenosi RSE.<\/p>\n<p>Vlasti u Rusiji su saop\u0161tile da se mobilizacija 300.000 rezervista odnosi samo na osobe koje imaju vojno iskustvo ili tra\u017eene sposobnosti, me\u0111utim, zabilje\u017eeni su brojni slu\u010dajevi mobilizacije starijih osoba, bolesnih ili bez iskustva, kao i studenata.<\/p>\n<p>Od kada je objavljena mobilizacija pro\u0161le sedmice, organizovane su demonstracije na kojima je uhap\u0161eno nekoliko hiljada ljudi.<\/p>\n<p>Mnogi Rusi su rije\u0161ili pobje\u0107i iz zemlje, sude\u0107i po pove\u0107anom prilivu na granicama sa Gruzijom, Kazahstanom, Finskom i Mongolijom.<\/p>\n<p>Taj veliki priliv je izazvao strahovanje da \u0107e Rusija zabraniti izlazak iz zemlje mu\u0161karcima u starosnoj dobi za borbu. Kremlj demantuje da ima takve planove.<\/p>\n","protected":false},"excerpt":{"rendered":"<p>Broj Rusa koji dolaze u Evropsku uniju porastao je nakon djelimi\u010dne mobilizacije koju je naredila Moskva, a ilegalni prelasci \u0107e vjerovatno porasti ako Rusija odlu\u010di zatvoriti granicu za potencijalne regrute, objavila je danas grani\u010dna agencija EU Frontex.<\/p>\n","protected":false},"author":1,"featured_media":0,"comment_status":"open","ping_status":"closed","sticky":false,"template":"","format":"standard","meta":{"_seopress_robots_primary_cat":"","_seopress_titles_title":"","_seopress_titles_desc":"","_seopress_robots_index":"","_et_pb_use_builder":"","_et_pb_old_content":"","_et_gb_content_width":"","inline_featured_image":false,"footnotes":""},"categories":[14],"tags":[],"class_list":["post-356084","post","type-post","status-publish","format-standard","hentry","category-vijesti"],"_links":{"self":[{"href":"https:\/\/www.pcnen.com\/portal\/wp-json\/wp\/v2\/posts\/356084","targetHints":{"allow":["GET"]}}],"collection":[{"href":"https:\/\/www.pcnen.com\/portal\/wp-json\/wp\/v2\/posts"}],"about":[{"href":"https:\/\/www.pcnen.com\/portal\/wp-json\/wp\/v2\/types\/post"}],"author":[{"embeddable":true,"href":"https:\/\/www.pcnen.com\/portal\/wp-json\/wp\/v2\/users\/1"}],"replies":[{"embeddable":true,"href":"https:\/\/www.pcnen.com\/portal\/wp-json\/wp\/v2\/comments?post=356084"}],"version-history":[{"count":2,"href":"https:\/\/www.pcnen.com\/portal\/wp-json\/wp\/v2\/posts\/356084\/revisions"}],"predecessor-version":[{"id":356086,"href":"https:\/\/www.pcnen.com\/portal\/wp-json\/wp\/v2\/posts\/356084\/revisions\/356086"}],"wp:attachment":[{"href":"https:\/\/www.pcnen.com\/portal\/wp-json\/wp\/v2\/media?parent=356084"}],"wp:term":[{"taxonomy":"category","embeddable":true,"href":"https:\/\/www.pcnen.com\/portal\/wp-json\/wp\/v2\/categories?post=356084"},{"taxonomy":"post_tag","embeddable":true,"href":"https:\/\/www.pcnen.com\/portal\/wp-json\/wp\/v2\/tags?post=356084"}],"curies":[{"name":"wp","href":"https:\/\/api.w.org\/{rel}","templated":true}]}}