{"id":356056,"date":"2022-09-27T12:23:47","date_gmt":"2022-09-27T10:23:47","guid":{"rendered":"https:\/\/www.pcnen.com\/portal\/?p=356056"},"modified":"2022-09-27T12:26:12","modified_gmt":"2022-09-27T10:26:12","slug":"podgorica-u-razmjeni-vatre-sa-policijom-ubijen-fadil-koljenovic","status":"publish","type":"post","link":"https:\/\/www.pcnen.com\/portal\/2022\/09\/27\/podgorica-u-razmjeni-vatre-sa-policijom-ubijen-fadil-koljenovic\/","title":{"rendered":"Podgorica: U razmjeni vatre sa policijom ubijen Fadil Koljenovi\u0107"},"content":{"rendered":"<p>Kako pi\u0161e u saop\u0161tenju UP, on je otvorio vatru na policiju koja je sprovodila istragu bacanja eksplozivne naprave na ku\u0107u njihovog kolege Mervana E\u0107a.<\/p>\n<p>Incident se dogodio u podgori\u010dkom naselju Konik.<\/p>\n<p>&#8220;Preduzimaju\u0107i intenzivne aktivnosti na rasvjetljavanju doga\u0111aja u kojem su jutros u dvori\u0161te porodi\u010dne ku\u0107e koju koristi policijski slu\u017ebenik, ba\u010dene dvije eksplozivne naprave od kojih je jedna aktivirana, policija je identifikovala dva osumnji\u010dena lica F.K. i R.A. Prilikom li\u0161enja slobode u naselju Konik, lice F.K. je otvorilo vatru u pravcu policijskih slu\u017ebenika, nakon \u010dega su policijski slu\u017ebenici upotrijebili vatreno oru\u017eje usled \u010dije upotrebe je F.K. te\u0161ko ranjen i prevezen u Klini\u010dki centar Crne Gore na ukazivanje ljekarske pomo\u0107i. On je usled zadobijenih povreda preminuo&#8221;, saop\u0161teno je iz Uprave policije.<\/p>\n<p>Dodaje se da je R.A. uhap\u0161en i priveden u slu\u017ebene prostorije.<\/p>\n<p>U saop\u0161tenju se navodi i da su uvi\u0111ajne radnje u saradnji sa nadle\u017enim tu\u017eila\u0161tvom u toku, a da \u0107e o dalje preduzetim aktivnostima \u0107e javnost biti blagovremeno obevije\u0161tena.<\/p>\n<blockquote class=\"wp-embedded-content\" data-secret=\"ph5ZIu7eiX\"><p><a href=\"https:\/\/www.pcnen.com\/portal\/2022\/09\/27\/podgorica-bacene-bombe-na-kucu-policajca\/\">Podgorica: Ba\u010dene bombe na ku\u0107u policajca<\/a><\/p><\/blockquote>\n<p><iframe loading=\"lazy\" class=\"wp-embedded-content\" sandbox=\"allow-scripts\" security=\"restricted\" style=\"position: absolute; clip: rect(1px, 1px, 1px, 1px);\" title=\"&#8220;Podgorica: Ba\u010dene bombe na ku\u0107u policajca&#8221; &#8212; PCNEN\" src=\"https:\/\/www.pcnen.com\/portal\/2022\/09\/27\/podgorica-bacene-bombe-na-kucu-policajca\/embed\/#?secret=iwhiaFRQWH#?secret=ph5ZIu7eiX\" data-secret=\"ph5ZIu7eiX\" width=\"600\" height=\"338\" frameborder=\"0\" marginwidth=\"0\" marginheight=\"0\" scrolling=\"no\"><\/iframe><\/p>\n","protected":false},"excerpt":{"rendered":"<p>U razmjeni vatre sa policijom ubijen je Fadil Koljenovi\u0107 iz Podgorice, potvr\u0111eno je iz Uprave policije.<\/p>\n","protected":false},"author":1,"featured_media":297651,"comment_status":"open","ping_status":"closed","sticky":false,"template":"","format":"standard","meta":{"_seopress_robots_primary_cat":"","_seopress_titles_title":"","_seopress_titles_desc":"","_seopress_robots_index":"","_et_pb_use_builder":"","_et_pb_old_content":"","_et_gb_content_width":"","inline_featured_image":false,"footnotes":""},"categories":[14],"tags":[633,2361,2362],"class_list":["post-356056","post","type-post","status-publish","format-standard","has-post-thumbnail","hentry","category-vijesti","tag-policija","tag-razmjena-vatre","tag-ubijen"],"_links":{"self":[{"href":"https:\/\/www.pcnen.com\/portal\/wp-json\/wp\/v2\/posts\/356056","targetHints":{"allow":["GET"]}}],"collection":[{"href":"https:\/\/www.pcnen.com\/portal\/wp-json\/wp\/v2\/posts"}],"about":[{"href":"https:\/\/www.pcnen.com\/portal\/wp-json\/wp\/v2\/types\/post"}],"author":[{"embeddable":true,"href":"https:\/\/www.pcnen.com\/portal\/wp-json\/wp\/v2\/users\/1"}],"replies":[{"embeddable":true,"href":"https:\/\/www.pcnen.com\/portal\/wp-json\/wp\/v2\/comments?post=356056"}],"version-history":[{"count":3,"href":"https:\/\/www.pcnen.com\/portal\/wp-json\/wp\/v2\/posts\/356056\/revisions"}],"predecessor-version":[{"id":356059,"href":"https:\/\/www.pcnen.com\/portal\/wp-json\/wp\/v2\/posts\/356056\/revisions\/356059"}],"wp:featuredmedia":[{"embeddable":true,"href":"https:\/\/www.pcnen.com\/portal\/wp-json\/wp\/v2\/media\/297651"}],"wp:attachment":[{"href":"https:\/\/www.pcnen.com\/portal\/wp-json\/wp\/v2\/media?parent=356056"}],"wp:term":[{"taxonomy":"category","embeddable":true,"href":"https:\/\/www.pcnen.com\/portal\/wp-json\/wp\/v2\/categories?post=356056"},{"taxonomy":"post_tag","embeddable":true,"href":"https:\/\/www.pcnen.com\/portal\/wp-json\/wp\/v2\/tags?post=356056"}],"curies":[{"name":"wp","href":"https:\/\/api.w.org\/{rel}","templated":true}]}}