{"id":356053,"date":"2022-09-27T12:11:20","date_gmt":"2022-09-27T10:11:20","guid":{"rendered":"https:\/\/www.pcnen.com\/portal\/?p=356053"},"modified":"2022-09-27T12:17:05","modified_gmt":"2022-09-27T10:17:05","slug":"medojevic-turski-istrazitelji-locirali-sve-vode-narkoklana-iz-cg","status":"publish","type":"post","link":"https:\/\/www.pcnen.com\/portal\/2022\/09\/27\/medojevic-turski-istrazitelji-locirali-sve-vode-narkoklana-iz-cg\/","title":{"rendered":"Medojevi\u0107: Turski istrazitelji locirali sve vo\u0111e narkoklana iz CG"},"content":{"rendered":"<p>\u010cinjenica da je otkrivena \u0161iroka mre\u017ea crnogorskih i turskih narkoklanova koja je imala ozbiljne logisti\u010dke punktove u Turskoj, Grckoj, Spaniji je podigla nivo istrage na me\u0111unarodni nivo.<\/p>\n<p>Ve\u0107 su locirani sve klju\u010dne vo\u0111e turskih i crnogorskih klanova i samo je tehni\u010dko pitanje kada \u0107e biti pohap\u0161eni, napisao je lider PzP na Fejsbuku.<\/p>\n<p>Za ovu akciju su posebno zainteresovane bezbjendosne agencije SAD i Velike Britanije jer se radi o transnacionalnim kriminalnim strukturama koje su postale ozbiljna prijetnja bezbjendosti ovih zemalja.<\/p>\n<p>Turski tuzio\u0107i sada razmatraju zahtjeve nekih od uhap\u0161enih da budu svjedoci saradnici, i procjenjuju da li su im uop\u0161te potrebna njihova svjedo\u010denja jer ve\u0107 imaju dovoljno dokaza.<\/p>\n<p>DPS mafija je u velikom problemu jer su locirani sve veze uhapsenih mafijaskih ubica sa ljudima bliskim vrhu rezima i njihovih tajkuna.<\/p>\n<p>Istrazitelji u Turskoj istrazuju i aktivnosti crnogorakih duvanskih kartela, klana iz Granda i Mojkovackog klana u Turskoj i njihove veze sa turskim kartelima.<\/p>\n<p>U toku su posebne istrazne radnje oko pranja novca crnogorskih i turskih kartela preko turskih banaka i tajkuna, napisao je Medojevi\u0107.<\/p>\n<p><iframe loading=\"lazy\" style=\"border: none; overflow: hidden;\" src=\"https:\/\/www.facebook.com\/plugins\/post.php?href=https%3A%2F%2Fwww.facebook.com%2Fnebojsa.medojevic%2Fposts%2Fpfbid02JV9SZhZoPpYCVS8kvyFKmKCmYHq6qVdvJW9SJWweZ8aPZfvhey8S8gMqCjf4uEJ6l&amp;show_text=true&amp;width=500\" width=\"500\" height=\"494\" frameborder=\"0\" scrolling=\"no\" allowfullscreen=\"allowfullscreen\"><\/iframe><\/p>\n<p>&nbsp;<\/p>\n","protected":false},"excerpt":{"rendered":"<p>Istra\u017eni organi Turske su veoma ozbiljno pristupili istrazi oko ubistva \u0161efa jednog od narkoklanova iz Crne Gore.<\/p>\n","protected":false},"author":1,"featured_media":303610,"comment_status":"open","ping_status":"closed","sticky":false,"template":"","format":"standard","meta":{"_seopress_robots_primary_cat":"","_seopress_titles_title":"","_seopress_titles_desc":"","_seopress_robots_index":"","_et_pb_use_builder":"","_et_pb_old_content":"","_et_gb_content_width":"","inline_featured_image":false,"footnotes":""},"categories":[14],"tags":[2359,2360,2076],"class_list":["post-356053","post","type-post","status-publish","format-standard","has-post-thumbnail","hentry","category-vijesti","tag-medojevic","tag-narkoklan","tag-turska"],"_links":{"self":[{"href":"https:\/\/www.pcnen.com\/portal\/wp-json\/wp\/v2\/posts\/356053","targetHints":{"allow":["GET"]}}],"collection":[{"href":"https:\/\/www.pcnen.com\/portal\/wp-json\/wp\/v2\/posts"}],"about":[{"href":"https:\/\/www.pcnen.com\/portal\/wp-json\/wp\/v2\/types\/post"}],"author":[{"embeddable":true,"href":"https:\/\/www.pcnen.com\/portal\/wp-json\/wp\/v2\/users\/1"}],"replies":[{"embeddable":true,"href":"https:\/\/www.pcnen.com\/portal\/wp-json\/wp\/v2\/comments?post=356053"}],"version-history":[{"count":2,"href":"https:\/\/www.pcnen.com\/portal\/wp-json\/wp\/v2\/posts\/356053\/revisions"}],"predecessor-version":[{"id":356055,"href":"https:\/\/www.pcnen.com\/portal\/wp-json\/wp\/v2\/posts\/356053\/revisions\/356055"}],"wp:featuredmedia":[{"embeddable":true,"href":"https:\/\/www.pcnen.com\/portal\/wp-json\/wp\/v2\/media\/303610"}],"wp:attachment":[{"href":"https:\/\/www.pcnen.com\/portal\/wp-json\/wp\/v2\/media?parent=356053"}],"wp:term":[{"taxonomy":"category","embeddable":true,"href":"https:\/\/www.pcnen.com\/portal\/wp-json\/wp\/v2\/categories?post=356053"},{"taxonomy":"post_tag","embeddable":true,"href":"https:\/\/www.pcnen.com\/portal\/wp-json\/wp\/v2\/tags?post=356053"}],"curies":[{"name":"wp","href":"https:\/\/api.w.org\/{rel}","templated":true}]}}